{"id":21464,"date":"2021-12-21T12:54:31","date_gmt":"2021-12-21T18:54:31","guid":{"rendered":"https:\/\/encuentroinformativo.com.mx\/?p=21464"},"modified":"2021-12-21T12:54:35","modified_gmt":"2021-12-21T18:54:35","slug":"se-desplomo-precio-del-cafe-productores","status":"publish","type":"post","link":"https:\/\/encuentroinformativo.com.mx\/?p=21464","title":{"rendered":"Se desplom\u00f3 precio del caf\u00e9: Productores"},"content":{"rendered":"\n<p><strong>Juan Arcos<\/strong><\/p>\n\n\n\n<p>Xalapa, Ver.- Cafetaleros de las distintas regiones de Veracruz denunciaron que los precios del caf\u00e9 han disminuido, debido a la propagaci\u00f3n de la nueva variante Omicron del SARS-COV-2 (COVID-19).<\/p>\n\n\n\n<p>Los productores dieron su \u00faltima conferencia de prensa de este a\u00f1o en Plaza Sebasti\u00e1n Lerdo de Tejada, frente a Palacio de Gobierno, para anunciar que entregar\u00edan un documento al gobierno estatal para solicitar su intervenci\u00f3n y as\u00ed garantizar que los precios sean respetados por parte de los grandes compradores.<\/p>\n\n\n\n<p>De acuerdo con el asesor de la Coordinadora Nacional de Organizaciones Cafetaleras (CNOC), Fernando Celis Callejas, durante el lunes 20 de diciembre se registr\u00f3 una baja especulativa de diez d\u00f3lares en el precio del quintal de pergamino.<\/p>\n\n\n\n<p>\u201cLa causa es que liquidan contratos porque dec\u00edan que se est\u00e1 expandiendo la variante del COVID-19, Omicron, que est\u00e1 creciendo fuerte en Nueva York, se est\u00e1 expandiendo en Estados Unidos, en Europa, y en los dos a\u00f1os anteriores afect\u00f3 mucho a las cafeter\u00edas\u201d.<\/p>\n\n\n\n<p>El l\u00edder cafetalero indic\u00f3 que en el estado de Veracruz los grandes compradores han disminuido a\u00fan m\u00e1s el precio del caf\u00e9 cereza por kilogramo.<\/p>\n\n\n\n<p>\u201cSe entra en la parte fuerte de la cosecha de caf\u00e9 en Veracruz y se tiene una gran preocupaci\u00f3n desde el sector productor, que los grandes compradores bajen de manera generalizada m\u00e1s los precios del caf\u00e9 con pretextos como el de que se agolpa la cosecha y no hay capacidad suficiente de Beneficiado H\u00famedo y otros factores\u201d, expres\u00f3.<\/p>\n\n\n\n<p>En este momento, se pagan 4 mil 200 pesos por un quintal de caf\u00e9 pergamino, de mediana calidad, cuando anteriormente se compraba en 4 mil 500 pesos.<\/p>\n\n\n\n<p>Adem\u00e1s, se pagan 16 pesos con 50 centavos el kilogramo de cereza, cuando anteriormente hab\u00eda llegado a los 18 o 19 pesos en algunas regiones.<\/p>\n","protected":false},"excerpt":{"rendered":"<p>Juan Arcos Xalapa, Ver.- Cafetaleros de las distintas regiones de Veracruz denunciaron que los precios del caf\u00e9 han disminuido, debido a la propagaci\u00f3n de la nueva variante Omicron del SARS-COV-2 (COVID-19). Los productores dieron su \u00faltima conferencia de prensa de este a\u00f1o en Plaza Sebasti\u00e1n Lerdo de Tejada, frente a Palacio de Gobierno, para anunciar [&hellip;]<\/p>\n","protected":false},"author":1,"featured_media":21465,"comment_status":"open","ping_status":"open","sticky":false,"template":"","format":"standard","meta":{"_jetpack_memberships_contains_paid_content":false,"footnotes":""},"categories":[8],"tags":[],"class_list":["post-21464","post","type-post","status-publish","format-standard","has-post-thumbnail","hentry","category-region"],"jetpack_featured_media_url":"https:\/\/encuentroinformativo.com.mx\/wp-content\/uploads\/2021\/12\/713FEDE2-F6A5-4725-BA45-90E7BA4FAAFF.jpeg","jetpack_sharing_enabled":true,"jetpack_likes_enabled":true,"amp_enabled":true,"_links":{"self":[{"href":"https:\/\/encuentroinformativo.com.mx\/index.php?rest_route=\/wp\/v2\/posts\/21464","targetHints":{"allow":["GET"]}}],"collection":[{"href":"https:\/\/encuentroinformativo.com.mx\/index.php?rest_route=\/wp\/v2\/posts"}],"about":[{"href":"https:\/\/encuentroinformativo.com.mx\/index.php?rest_route=\/wp\/v2\/types\/post"}],"author":[{"embeddable":true,"href":"https:\/\/encuentroinformativo.com.mx\/index.php?rest_route=\/wp\/v2\/users\/1"}],"replies":[{"embeddable":true,"href":"https:\/\/encuentroinformativo.com.mx\/index.php?rest_route=%2Fwp%2Fv2%2Fcomments&post=21464"}],"version-history":[{"count":1,"href":"https:\/\/encuentroinformativo.com.mx\/index.php?rest_route=\/wp\/v2\/posts\/21464\/revisions"}],"predecessor-version":[{"id":21466,"href":"https:\/\/encuentroinformativo.com.mx\/index.php?rest_route=\/wp\/v2\/posts\/21464\/revisions\/21466"}],"wp:featuredmedia":[{"embeddable":true,"href":"https:\/\/encuentroinformativo.com.mx\/index.php?rest_route=\/wp\/v2\/media\/21465"}],"wp:attachment":[{"href":"https:\/\/encuentroinformativo.com.mx\/index.php?rest_route=%2Fwp%2Fv2%2Fmedia&parent=21464"}],"wp:term":[{"taxonomy":"category","embeddable":true,"href":"https:\/\/encuentroinformativo.com.mx\/index.php?rest_route=%2Fwp%2Fv2%2Fcategories&post=21464"},{"taxonomy":"post_tag","embeddable":true,"href":"https:\/\/encuentroinformativo.com.mx\/index.php?rest_route=%2Fwp%2Fv2%2Ftags&post=21464"}],"curies":[{"name":"wp","href":"https:\/\/api.w.org\/{rel}","templated":true}]}}