{"id":21467,"date":"2021-12-21T13:19:55","date_gmt":"2021-12-21T19:19:55","guid":{"rendered":"https:\/\/encuentroinformativo.com.mx\/?p=21467"},"modified":"2021-12-21T13:19:59","modified_gmt":"2021-12-21T19:19:59","slug":"sin-concluir-proceso-electoral-de-veracruz-puerto-afirma-gobernador","status":"publish","type":"post","link":"https:\/\/encuentroinformativo.com.mx\/?p=21467","title":{"rendered":"Sin concluir proceso electoral de Veracruz puerto, afirma Gobernador"},"content":{"rendered":"\n<p><strong>Dar\u00edo Pale<\/strong><\/p>\n\n\n\n<p>Xalapa, Ver.- A pesar de que la Sala Regional Xalapa del Tribunal Electoral del Poder Judicial de la Federal revoc\u00f3 la sentencia del Tribunal Electoral de Veracruz por la que anulaba la elecci\u00f3n en Veracruz puerto el gobernador Cuitl\u00e1huac Garc\u00eda Jim\u00e9nez, defini\u00f3 que todav\u00eda no se concluye el proceso de la elecci\u00f3n municipal, ya que todav\u00eda hace falta que un \u00f3rgano jurisdiccional se pronuncie.<\/p>\n\n\n\n<p>En conferencia de prensa realizada en la sala de Banderas de Palacio de Gobierno, dijo que esta obligado a respetar las decisiones de las autoridades electorales y de todas las instancias que deben correr las impugnaciones.<\/p>\n\n\n\n<p>&#8220;Dejemos que pase la \u00faltima instancia y ya en lo particular me manifestar\u00e9 sobre la invitaci\u00f3n, todav\u00eda existe una \u00faltima instancia, por el anuncio que hizo uno de los contendientes debo mantenerme al margen, entonces esperemos a que se d\u00e9 la \u00faltima&#8221;, se\u00f1al\u00f3.<\/p>\n\n\n\n<p>El gobernador argument\u00f3 que en estos tres a\u00f1os ha gobernado sin miramiento de colores partidistas y no tiene por qu\u00e9 \u00a0&#8220;atizar&#8221; la relaci\u00f3n \u00a0institucional \u00a0que debe existir entre alcaldes, alcaldesa y Gobernador con alg\u00fan \u00a0punto particular \u00a0respecto de nuestras ideolog\u00edas.<\/p>\n\n\n\n<p>Afirm\u00f3 que ambos \u00f3rdenes de gobierno est\u00e1n obligados a coordinarse y a atender las peticiones ciudadanas dentro de cada una de sus competencias.<\/p>\n\n\n\n<p>Refiri\u00f3 que cuando lleg\u00f3 al cargo solamente hab\u00eda 17 alcaldes emanados de Morena, por lo que gobern\u00f3 con una gran mayor\u00eda de presidentas y presidentes municipales de otros institutos pol\u00edticos.<\/p>\n\n\n\n<p>Finalmente dio a conocer que, &#8220;demostramos que lo podemos hacer con todos, incluso con el puerto de Veracruz, sin problemas. El \u00faltimo evento que tuvimos en Veracruz y donde tuvimos la participaci\u00f3n del orden municipal de Gobierno fue en el Consejo Estatal de Seguridad, a donde asisti\u00f3 el actual presidente municipal de Veracruz y no hubo ning\u00fan problema, porque sabemos que estamos obligados a atender los temas de manera coordinada&#8221;.<\/p>\n","protected":false},"excerpt":{"rendered":"<p>Dar\u00edo Pale Xalapa, Ver.- A pesar de que la Sala Regional Xalapa del Tribunal Electoral del Poder Judicial de la Federal revoc\u00f3 la sentencia del Tribunal Electoral de Veracruz por la que anulaba la elecci\u00f3n en Veracruz puerto el gobernador Cuitl\u00e1huac Garc\u00eda Jim\u00e9nez, defini\u00f3 que todav\u00eda no se concluye el proceso de la elecci\u00f3n municipal, [&hellip;]<\/p>\n","protected":false},"author":1,"featured_media":21468,"comment_status":"open","ping_status":"open","sticky":false,"template":"","format":"standard","meta":{"_jetpack_memberships_contains_paid_content":false,"footnotes":""},"categories":[2],"tags":[],"class_list":["post-21467","post","type-post","status-publish","format-standard","has-post-thumbnail","hentry","category-estado"],"jetpack_featured_media_url":"https:\/\/encuentroinformativo.com.mx\/wp-content\/uploads\/2021\/12\/CDBEEB08-1DC7-42B2-8B2D-2C9F8282351C.jpeg","jetpack_sharing_enabled":true,"jetpack_likes_enabled":true,"amp_enabled":true,"_links":{"self":[{"href":"https:\/\/encuentroinformativo.com.mx\/index.php?rest_route=\/wp\/v2\/posts\/21467","targetHints":{"allow":["GET"]}}],"collection":[{"href":"https:\/\/encuentroinformativo.com.mx\/index.php?rest_route=\/wp\/v2\/posts"}],"about":[{"href":"https:\/\/encuentroinformativo.com.mx\/index.php?rest_route=\/wp\/v2\/types\/post"}],"author":[{"embeddable":true,"href":"https:\/\/encuentroinformativo.com.mx\/index.php?rest_route=\/wp\/v2\/users\/1"}],"replies":[{"embeddable":true,"href":"https:\/\/encuentroinformativo.com.mx\/index.php?rest_route=%2Fwp%2Fv2%2Fcomments&post=21467"}],"version-history":[{"count":1,"href":"https:\/\/encuentroinformativo.com.mx\/index.php?rest_route=\/wp\/v2\/posts\/21467\/revisions"}],"predecessor-version":[{"id":21469,"href":"https:\/\/encuentroinformativo.com.mx\/index.php?rest_route=\/wp\/v2\/posts\/21467\/revisions\/21469"}],"wp:featuredmedia":[{"embeddable":true,"href":"https:\/\/encuentroinformativo.com.mx\/index.php?rest_route=\/wp\/v2\/media\/21468"}],"wp:attachment":[{"href":"https:\/\/encuentroinformativo.com.mx\/index.php?rest_route=%2Fwp%2Fv2%2Fmedia&parent=21467"}],"wp:term":[{"taxonomy":"category","embeddable":true,"href":"https:\/\/encuentroinformativo.com.mx\/index.php?rest_route=%2Fwp%2Fv2%2Fcategories&post=21467"},{"taxonomy":"post_tag","embeddable":true,"href":"https:\/\/encuentroinformativo.com.mx\/index.php?rest_route=%2Fwp%2Fv2%2Ftags&post=21467"}],"curies":[{"name":"wp","href":"https:\/\/api.w.org\/{rel}","templated":true}]}}