{"id":21488,"date":"2021-12-22T11:12:01","date_gmt":"2021-12-22T17:12:01","guid":{"rendered":"https:\/\/encuentroinformativo.com.mx\/?p=21488"},"modified":"2021-12-22T11:12:04","modified_gmt":"2021-12-22T17:12:04","slug":"se-reincorpora-indira-rosales-al-senado","status":"publish","type":"post","link":"https:\/\/encuentroinformativo.com.mx\/?p=21488","title":{"rendered":"Se reincorpora Indira Rosales al Senado"},"content":{"rendered":"\n<p><strong>Alejandro \u00c1vila<\/strong><\/p>\n\n\n\n<p>Veracruz, Ver.- Una vez concluido el proceso interno del Partido Acci\u00f3n Nacional (PAN) en Veracruz, donde se eligi\u00f3 al nuevo presidente estatal; Indira Rosales San Rom\u00e1n, quien particip\u00f3 en una planilla -que a la postre fue la ganadora- como secretaria general, solicit\u00f3 a la presidenta la Mesa Directiva del Senado, Olga S\u00e1nchez Cordero D\u00e1vila, reincorporarse a sus labores en el Congreso.<\/p>\n\n\n\n<p>A trav\u00e9s de una misiva enviada este 22 de diciembre, la veracruzana expuso que, con fundamento en el art\u00edculo 14, numeral 2 del Reglamento del Senado de la Rep\u00fablica, se reincorporaba a partir de este mismo mi\u00e9rcoles a sus labores en el Senado.<\/p>\n\n\n\n<p>\u201cEl d\u00eda de hoy me reincorporo a mis actividades como Senadora de la Rep\u00fablica, en el pasado mes de noviembre solicit\u00e9 licencia al cargo, para participar como secretaria general del partido (Acci\u00f3n Nacional) en el Estado de Veracruz, contienda en la cual salimos victoriosos. Y el d\u00eda de hoy regreso al Grupo Parlamentario de Acci\u00f3n Nacional, para seguir trabajando con m\u00e1s fuerza y defender las causas m\u00e1s justas de los veracruzanos\u201d, declar\u00f3.<\/p>\n\n\n\n<p>Cabe recordar que fue el pasado 11 de noviembre cuando Indira Rosales San Rom\u00e1n se separ\u00f3 de sus funciones legislativas como Senadora para incorporarse a la campa\u00f1a de Tito Delf\u00edn Cano, quien fue sustituido durante el proceso por Federico Salom\u00f3n, tras haber sido aprehendido por la Fiscal\u00eda General del Estado, por presunto da\u00f1o patrimonial.<\/p>\n\n\n\n<p>Durante la licencia de la panista, el cargo fue ostentado por su suplente Fabiola V\u00e1zquez Saut, quien caus\u00f3 pol\u00e9mica al tomar la curul y sumarse al Grupo Legislativo de MORENA; finalmente, Indira Rosales San Rom\u00e1n volvi\u00f3 a tomar su lugar y asegura volver\u00e1 a defender su voto en favor de los veracruzanos.<\/p>\n","protected":false},"excerpt":{"rendered":"<p>Alejandro \u00c1vila Veracruz, Ver.- Una vez concluido el proceso interno del Partido Acci\u00f3n Nacional (PAN) en Veracruz, donde se eligi\u00f3 al nuevo presidente estatal; Indira Rosales San Rom\u00e1n, quien particip\u00f3 en una planilla -que a la postre fue la ganadora- como secretaria general, solicit\u00f3 a la presidenta la Mesa Directiva del Senado, Olga S\u00e1nchez Cordero [&hellip;]<\/p>\n","protected":false},"author":1,"featured_media":21489,"comment_status":"open","ping_status":"open","sticky":false,"template":"","format":"standard","meta":{"_jetpack_memberships_contains_paid_content":false,"footnotes":""},"categories":[12],"tags":[],"class_list":["post-21488","post","type-post","status-publish","format-standard","has-post-thumbnail","hentry","category-nacional"],"jetpack_featured_media_url":"https:\/\/encuentroinformativo.com.mx\/wp-content\/uploads\/2021\/12\/B28E0CF0-3D8C-46B0-9B35-A8C14BF7036F.jpeg","jetpack_sharing_enabled":true,"jetpack_likes_enabled":true,"amp_enabled":true,"_links":{"self":[{"href":"https:\/\/encuentroinformativo.com.mx\/index.php?rest_route=\/wp\/v2\/posts\/21488","targetHints":{"allow":["GET"]}}],"collection":[{"href":"https:\/\/encuentroinformativo.com.mx\/index.php?rest_route=\/wp\/v2\/posts"}],"about":[{"href":"https:\/\/encuentroinformativo.com.mx\/index.php?rest_route=\/wp\/v2\/types\/post"}],"author":[{"embeddable":true,"href":"https:\/\/encuentroinformativo.com.mx\/index.php?rest_route=\/wp\/v2\/users\/1"}],"replies":[{"embeddable":true,"href":"https:\/\/encuentroinformativo.com.mx\/index.php?rest_route=%2Fwp%2Fv2%2Fcomments&post=21488"}],"version-history":[{"count":1,"href":"https:\/\/encuentroinformativo.com.mx\/index.php?rest_route=\/wp\/v2\/posts\/21488\/revisions"}],"predecessor-version":[{"id":21490,"href":"https:\/\/encuentroinformativo.com.mx\/index.php?rest_route=\/wp\/v2\/posts\/21488\/revisions\/21490"}],"wp:featuredmedia":[{"embeddable":true,"href":"https:\/\/encuentroinformativo.com.mx\/index.php?rest_route=\/wp\/v2\/media\/21489"}],"wp:attachment":[{"href":"https:\/\/encuentroinformativo.com.mx\/index.php?rest_route=%2Fwp%2Fv2%2Fmedia&parent=21488"}],"wp:term":[{"taxonomy":"category","embeddable":true,"href":"https:\/\/encuentroinformativo.com.mx\/index.php?rest_route=%2Fwp%2Fv2%2Fcategories&post=21488"},{"taxonomy":"post_tag","embeddable":true,"href":"https:\/\/encuentroinformativo.com.mx\/index.php?rest_route=%2Fwp%2Fv2%2Ftags&post=21488"}],"curies":[{"name":"wp","href":"https:\/\/api.w.org\/{rel}","templated":true}]}}