{"id":21506,"date":"2021-12-22T13:33:36","date_gmt":"2021-12-22T19:33:36","guid":{"rendered":"https:\/\/encuentroinformativo.com.mx\/?p=21506"},"modified":"2021-12-22T13:33:40","modified_gmt":"2021-12-22T19:33:40","slug":"colectivos-acusan-simulacion-en-fiscalia","status":"publish","type":"post","link":"https:\/\/encuentroinformativo.com.mx\/?p=21506","title":{"rendered":"Colectivos acusan simulaci\u00f3n en Fiscal\u00eda"},"content":{"rendered":"\n<p><strong>Alejandro \u00c1vila<\/strong><\/p>\n\n\n\n<p>Veracruz, Ver.- El Colectivo &#8220;Justicia y Dignidad de Veracruz&#8221; acus\u00f3 a la Fiscal\u00eda General de Veracruz de seguir en simulaci\u00f3n y no buscar a sus familiares, ya que no existe avance alguno en las investigaciones; en cambio cada d\u00eda hay nuevos casos.<\/p>\n\n\n\n<p>Los familiares de desaparecidos colocaron este mi\u00e9rcoles  en la Plaza de la Rep\u00fablica en Veracruz puerto, un \u00e1rbol de navidad con el rostro del familiar a quien buscan, al tiempo que lamentaron el poco interes de las autoridades por localizar a sus seres queridos.<\/p>\n\n\n\n<p>&#8220;Es simulaci\u00f3n de que estamos trabajando, una nueva Fiscal\u00eda, tenemos nuevos elementos y simplemente la porquer\u00eda sigue, sigue habiendo el resultado de las autoridades que deja mucho que decir. Para nosotros es desgastante sentarnos con las autoridades y ver que son los mismos que est\u00e1n haciendo el gobierno pasado y ante pasado, porque a nadie le interesa buscar a nuestros desaparecidos, esta fiscal\u00eda deja mucho que decir&#8221;, dijo Lidia Lara.<\/p>\n\n\n\n<p>La buscadora, mencion\u00f3 que de su colectivo son 100 carpetas las que est\u00e1n investigando y tan solo la mitad son del \u00faltimo a\u00f1o, por lo que consider\u00f3 la violencia est\u00e1 sobrepasando a las autoridades veracruzanas.<\/p>\n\n\n\n<p>&#8220;Tenemos 50 casos nuevos del 2020 al 2021, las familias estamos trabajando porque las fiscalias est\u00e1n omisas a nuestro trabajo. Estamos viendo que todos los d\u00edas hay desaparecidos, mas de 5 desaparecidos al d\u00eda y las autoridades est\u00e1n en &#8216;stand by&#8217;, no se activan ante esta violencia&#8221;.<\/p>\n\n\n\n<figure class=\"wp-block-image size-large\"><img loading=\"lazy\" decoding=\"async\" width=\"1024\" height=\"550\" src=\"https:\/\/encuentroinformativo.com.mx\/wp-content\/uploads\/2021\/12\/ACAA9069-4132-4EA4-97CF-6055E8B59ADF-1024x550.jpeg\" alt=\"\" class=\"wp-image-21508\" srcset=\"https:\/\/encuentroinformativo.com.mx\/wp-content\/uploads\/2021\/12\/ACAA9069-4132-4EA4-97CF-6055E8B59ADF-1024x550.jpeg 1024w, https:\/\/encuentroinformativo.com.mx\/wp-content\/uploads\/2021\/12\/ACAA9069-4132-4EA4-97CF-6055E8B59ADF-300x161.jpeg 300w, https:\/\/encuentroinformativo.com.mx\/wp-content\/uploads\/2021\/12\/ACAA9069-4132-4EA4-97CF-6055E8B59ADF-768x413.jpeg 768w, https:\/\/encuentroinformativo.com.mx\/wp-content\/uploads\/2021\/12\/ACAA9069-4132-4EA4-97CF-6055E8B59ADF.jpeg 1280w\" sizes=\"auto, (max-width: 1024px) 100vw, 1024px\" \/><\/figure>\n","protected":false},"excerpt":{"rendered":"<p>Alejandro \u00c1vila Veracruz, Ver.- El Colectivo &#8220;Justicia y Dignidad de Veracruz&#8221; acus\u00f3 a la Fiscal\u00eda General de Veracruz de seguir en simulaci\u00f3n y no buscar a sus familiares, ya que no existe avance alguno en las investigaciones; en cambio cada d\u00eda hay nuevos casos. Los familiares de desaparecidos colocaron este mi\u00e9rcoles en la Plaza de [&hellip;]<\/p>\n","protected":false},"author":1,"featured_media":21507,"comment_status":"open","ping_status":"open","sticky":false,"template":"","format":"standard","meta":{"_jetpack_memberships_contains_paid_content":false,"footnotes":""},"categories":[2],"tags":[],"class_list":["post-21506","post","type-post","status-publish","format-standard","has-post-thumbnail","hentry","category-estado"],"jetpack_featured_media_url":"https:\/\/encuentroinformativo.com.mx\/wp-content\/uploads\/2021\/12\/426A0091-F52B-437C-B401-8CDBED564173.jpeg","jetpack_sharing_enabled":true,"jetpack_likes_enabled":true,"amp_enabled":true,"_links":{"self":[{"href":"https:\/\/encuentroinformativo.com.mx\/index.php?rest_route=\/wp\/v2\/posts\/21506","targetHints":{"allow":["GET"]}}],"collection":[{"href":"https:\/\/encuentroinformativo.com.mx\/index.php?rest_route=\/wp\/v2\/posts"}],"about":[{"href":"https:\/\/encuentroinformativo.com.mx\/index.php?rest_route=\/wp\/v2\/types\/post"}],"author":[{"embeddable":true,"href":"https:\/\/encuentroinformativo.com.mx\/index.php?rest_route=\/wp\/v2\/users\/1"}],"replies":[{"embeddable":true,"href":"https:\/\/encuentroinformativo.com.mx\/index.php?rest_route=%2Fwp%2Fv2%2Fcomments&post=21506"}],"version-history":[{"count":1,"href":"https:\/\/encuentroinformativo.com.mx\/index.php?rest_route=\/wp\/v2\/posts\/21506\/revisions"}],"predecessor-version":[{"id":21509,"href":"https:\/\/encuentroinformativo.com.mx\/index.php?rest_route=\/wp\/v2\/posts\/21506\/revisions\/21509"}],"wp:featuredmedia":[{"embeddable":true,"href":"https:\/\/encuentroinformativo.com.mx\/index.php?rest_route=\/wp\/v2\/media\/21507"}],"wp:attachment":[{"href":"https:\/\/encuentroinformativo.com.mx\/index.php?rest_route=%2Fwp%2Fv2%2Fmedia&parent=21506"}],"wp:term":[{"taxonomy":"category","embeddable":true,"href":"https:\/\/encuentroinformativo.com.mx\/index.php?rest_route=%2Fwp%2Fv2%2Fcategories&post=21506"},{"taxonomy":"post_tag","embeddable":true,"href":"https:\/\/encuentroinformativo.com.mx\/index.php?rest_route=%2Fwp%2Fv2%2Ftags&post=21506"}],"curies":[{"name":"wp","href":"https:\/\/api.w.org\/{rel}","templated":true}]}}