{"id":21510,"date":"2021-12-22T13:38:38","date_gmt":"2021-12-22T19:38:38","guid":{"rendered":"https:\/\/encuentroinformativo.com.mx\/?p=21510"},"modified":"2021-12-22T13:38:42","modified_gmt":"2021-12-22T19:38:42","slug":"veracruz-vive-persecucion-politica-senador-monreal","status":"publish","type":"post","link":"https:\/\/encuentroinformativo.com.mx\/?p=21510","title":{"rendered":"Veracruz, vive persecuci\u00f3n pol\u00edtica: Senador  Monreal"},"content":{"rendered":"\n<p><strong>Redacci\u00f3n<\/strong><\/p>\n\n\n\n<p>Xalapa, Ver.- El senador Ricardo Monreal \u00c1vila se\u00f1al\u00f3 que la detenci\u00f3n de uno de sus colaboradores obedece a la \u201cpersecuci\u00f3n pol\u00edtica\u201d que se vive en el estado de Veracruz.<br>A trav\u00e9s de redes sociales, el presidente de la Junta de Coordinaci\u00f3n Pol\u00edtica del Senado de la Rep\u00fablica, precis\u00f3 que es un caso que muestra la justicia politizada que se vive en la entidad.<\/p>\n\n\n\n<p>\u201cHoy tenemos otro ejemplo de lo que pasa cuando la justicia se politiza, lamentablemente esta ma\u00f1ana fue detenido en Veracruz, Jos\u00e9 Manuel del R\u00edo Virgen quien es secretario t\u00e9cnico de la Junta de Coordinaci\u00f3n Pol\u00edtica del Senado de la Rep\u00fablica desde hace tres a\u00f1os\u201d.<\/p>\n\n\n\n<p>Presuntamente por el delito de homicidio de un ex candidato a presidente municipal -detall\u00f3- se trata de una detenci\u00f3n alejada del principio de legalidad, maquilada, construida artificialmente lo cual se demostrar\u00e1 en su momento y se demostrar\u00e1 el abuso del poder.<\/p>\n\n\n\n<p>Ante ello afirm\u00f3 que se trata de una persecuci\u00f3n pol\u00edtica que se vive en el territorio veracruzano, la cual dijo se ha vuelto frecuente en los \u00faltimos meses.<\/p>\n\n\n\n<p>\u201cEsto se inscribe en un momento tr\u00e1gico de la vida de ese estado, en el que la persecuci\u00f3n pol\u00edtica, la maquinaci\u00f3n de delitos y las acusaciones infundadas son muy frecuentes\u2026 el estado atraviesa un mal momento en los \u00e1mbitos de procuraci\u00f3n y administraci\u00f3n de justicia que no tienen autonom\u00eda tampoco independencia\u201d.<\/p>\n\n\n\n<p>Cabe recordar que en las \u00faltimas semanas Monreal \u00c1vila ha sido un fuerte cr\u00edtico del delito de ultrajes a la autoridad implementado en la entidad veracruzana.<\/p>\n\n\n\n<p>\u201cPobre Veracruz, tan lejos de la justicia y tan cerca del autoritarismo\u201d, puntualiz\u00f3 el senador de la rep\u00fablica.<\/p>\n","protected":false},"excerpt":{"rendered":"<p>Redacci\u00f3n Xalapa, Ver.- El senador Ricardo Monreal \u00c1vila se\u00f1al\u00f3 que la detenci\u00f3n de uno de sus colaboradores obedece a la \u201cpersecuci\u00f3n pol\u00edtica\u201d que se vive en el estado de Veracruz.A trav\u00e9s de redes sociales, el presidente de la Junta de Coordinaci\u00f3n Pol\u00edtica del Senado de la Rep\u00fablica, precis\u00f3 que es un caso que muestra la [&hellip;]<\/p>\n","protected":false},"author":1,"featured_media":21511,"comment_status":"open","ping_status":"open","sticky":false,"template":"","format":"standard","meta":{"_jetpack_memberships_contains_paid_content":false,"footnotes":""},"categories":[2],"tags":[],"class_list":["post-21510","post","type-post","status-publish","format-standard","has-post-thumbnail","hentry","category-estado"],"jetpack_featured_media_url":"https:\/\/encuentroinformativo.com.mx\/wp-content\/uploads\/2021\/12\/E61574DC-9E5F-4DFE-9CD0-8A99F2927CA0.jpeg","jetpack_sharing_enabled":true,"jetpack_likes_enabled":true,"amp_enabled":true,"_links":{"self":[{"href":"https:\/\/encuentroinformativo.com.mx\/index.php?rest_route=\/wp\/v2\/posts\/21510","targetHints":{"allow":["GET"]}}],"collection":[{"href":"https:\/\/encuentroinformativo.com.mx\/index.php?rest_route=\/wp\/v2\/posts"}],"about":[{"href":"https:\/\/encuentroinformativo.com.mx\/index.php?rest_route=\/wp\/v2\/types\/post"}],"author":[{"embeddable":true,"href":"https:\/\/encuentroinformativo.com.mx\/index.php?rest_route=\/wp\/v2\/users\/1"}],"replies":[{"embeddable":true,"href":"https:\/\/encuentroinformativo.com.mx\/index.php?rest_route=%2Fwp%2Fv2%2Fcomments&post=21510"}],"version-history":[{"count":1,"href":"https:\/\/encuentroinformativo.com.mx\/index.php?rest_route=\/wp\/v2\/posts\/21510\/revisions"}],"predecessor-version":[{"id":21512,"href":"https:\/\/encuentroinformativo.com.mx\/index.php?rest_route=\/wp\/v2\/posts\/21510\/revisions\/21512"}],"wp:featuredmedia":[{"embeddable":true,"href":"https:\/\/encuentroinformativo.com.mx\/index.php?rest_route=\/wp\/v2\/media\/21511"}],"wp:attachment":[{"href":"https:\/\/encuentroinformativo.com.mx\/index.php?rest_route=%2Fwp%2Fv2%2Fmedia&parent=21510"}],"wp:term":[{"taxonomy":"category","embeddable":true,"href":"https:\/\/encuentroinformativo.com.mx\/index.php?rest_route=%2Fwp%2Fv2%2Fcategories&post=21510"},{"taxonomy":"post_tag","embeddable":true,"href":"https:\/\/encuentroinformativo.com.mx\/index.php?rest_route=%2Fwp%2Fv2%2Ftags&post=21510"}],"curies":[{"name":"wp","href":"https:\/\/api.w.org\/{rel}","templated":true}]}}