{"id":21518,"date":"2021-12-22T15:29:26","date_gmt":"2021-12-22T21:29:26","guid":{"rendered":"https:\/\/encuentroinformativo.com.mx\/?p=21518"},"modified":"2021-12-22T15:29:29","modified_gmt":"2021-12-22T21:29:29","slug":"se-reclamara-desaparicion-de-poderes-dante-delgado","status":"publish","type":"post","link":"https:\/\/encuentroinformativo.com.mx\/?p=21518","title":{"rendered":"Se reclamar\u00e1 desaparici\u00f3n de poderes: Dante Delgado"},"content":{"rendered":"\n<p><strong>Juan Arcos<\/strong><\/p>\n\n\n\n<p>Xalapa, Ver.- El senador de la Rep\u00fablica, Dante Delgado Rannauro, propondr\u00e1 la desaparici\u00f3n de poderes en el estado de Veracruz, tras la detenci\u00f3n de Jos\u00e9 Manuel \u201cN\u201d en el estado de Veracruz, a quien consider\u00f3 un preso pol\u00edtico.<\/p>\n\n\n\n<p>\u201cHoy vengo a denunciar que el gobierno de Veracruz, actuando al margen de la legalidad, tiene en Jos\u00e9 Manuel del R\u00edo Virgen un preso pol\u00edtico y lo quiero significar, el respeto a la constitucionalidad obligaba a la autoridad en t\u00e9rminos del 14 y 16 constitucionales haberle hecho de su conocimiento para que procediera a dar defensa en los t\u00e9rminos que fueran necesarios\u201d, enfatiz\u00f3.<\/p>\n\n\n\n<p>Jos\u00e9 Manuel fue detenido sobre la carretera Cosamaloapan-Tuxtepec por su presunta responsabilidad en el delito de homicidio doloso calificado en agravio de Remigio Tovar Tovar, candidato de Movimiento Ciudadano a la alcald\u00eda de Cazones de Herrera.<\/p>\n\n\n\n<p>En conferencia de prensa, realizada en la ciudad de Xalapa, el Coordinador de la Bancada de Movimiento Ciudadano (MC) se\u00f1al\u00f3 que fue arbitraria la aprehensi\u00f3n del secretario t\u00e9cnico en la Presidencia de la Junta de Coordinaci\u00f3n Pol\u00edtica (Jucopo), que preside el senador morenista Ricardo Monreal \u00c1vila, toda vez que no exist\u00eda un proceso legal en su contra.<\/p>\n\n\n\n<p>\u201cFue detenido de manera arbitraria sin haber sido requerido en un procedimiento legal alguno. No hubo procedimiento legal alguno, jam\u00e1s fue requerido para imputarle ning\u00fan posible il\u00edcito\u201d, expres\u00f3.<\/p>\n\n\n\n<p>El exgobernador interino de Veracruz indic\u00f3 que hab\u00eda visitado esta entidad para festejar su cumplea\u00f1os el jueves 23 de diciembre; sin embargo, tras el reciente caso, regresar\u00e1 al Senado para emprender las acciones necesarias.<\/p>\n\n\n\n<p>El Senador consider\u00f3 esta detenci\u00f3n como un atentado contra el orden constitucional de los veracruzanos.<\/p>\n\n\n\n<p>Adem\u00e1s, refiri\u00f3 que la titular de la Fiscal\u00eda General del Estado (FGE), Ver\u00f3nica Hern\u00e1ndez Giad\u00e1ns, podr\u00eda acabar igual que sus antecesores Luis \u00c1ngel Bravo Contreras y Jorge Winckler Ortiz, uno preso durante varios meses y el otro pr\u00f3fugo, respectivamente.<\/p>\n","protected":false},"excerpt":{"rendered":"<p>Juan Arcos Xalapa, Ver.- El senador de la Rep\u00fablica, Dante Delgado Rannauro, propondr\u00e1 la desaparici\u00f3n de poderes en el estado de Veracruz, tras la detenci\u00f3n de Jos\u00e9 Manuel \u201cN\u201d en el estado de Veracruz, a quien consider\u00f3 un preso pol\u00edtico. \u201cHoy vengo a denunciar que el gobierno de Veracruz, actuando al margen de la legalidad, [&hellip;]<\/p>\n","protected":false},"author":1,"featured_media":21519,"comment_status":"open","ping_status":"open","sticky":false,"template":"","format":"standard","meta":{"_jetpack_memberships_contains_paid_content":false,"footnotes":""},"categories":[2],"tags":[],"class_list":["post-21518","post","type-post","status-publish","format-standard","has-post-thumbnail","hentry","category-estado"],"jetpack_featured_media_url":"https:\/\/encuentroinformativo.com.mx\/wp-content\/uploads\/2021\/12\/8BA873B0-07A9-48FD-8DE6-8CB3178BB2E9.jpeg","jetpack_sharing_enabled":true,"jetpack_likes_enabled":true,"amp_enabled":true,"_links":{"self":[{"href":"https:\/\/encuentroinformativo.com.mx\/index.php?rest_route=\/wp\/v2\/posts\/21518","targetHints":{"allow":["GET"]}}],"collection":[{"href":"https:\/\/encuentroinformativo.com.mx\/index.php?rest_route=\/wp\/v2\/posts"}],"about":[{"href":"https:\/\/encuentroinformativo.com.mx\/index.php?rest_route=\/wp\/v2\/types\/post"}],"author":[{"embeddable":true,"href":"https:\/\/encuentroinformativo.com.mx\/index.php?rest_route=\/wp\/v2\/users\/1"}],"replies":[{"embeddable":true,"href":"https:\/\/encuentroinformativo.com.mx\/index.php?rest_route=%2Fwp%2Fv2%2Fcomments&post=21518"}],"version-history":[{"count":1,"href":"https:\/\/encuentroinformativo.com.mx\/index.php?rest_route=\/wp\/v2\/posts\/21518\/revisions"}],"predecessor-version":[{"id":21520,"href":"https:\/\/encuentroinformativo.com.mx\/index.php?rest_route=\/wp\/v2\/posts\/21518\/revisions\/21520"}],"wp:featuredmedia":[{"embeddable":true,"href":"https:\/\/encuentroinformativo.com.mx\/index.php?rest_route=\/wp\/v2\/media\/21519"}],"wp:attachment":[{"href":"https:\/\/encuentroinformativo.com.mx\/index.php?rest_route=%2Fwp%2Fv2%2Fmedia&parent=21518"}],"wp:term":[{"taxonomy":"category","embeddable":true,"href":"https:\/\/encuentroinformativo.com.mx\/index.php?rest_route=%2Fwp%2Fv2%2Fcategories&post=21518"},{"taxonomy":"post_tag","embeddable":true,"href":"https:\/\/encuentroinformativo.com.mx\/index.php?rest_route=%2Fwp%2Fv2%2Ftags&post=21518"}],"curies":[{"name":"wp","href":"https:\/\/api.w.org\/{rel}","templated":true}]}}