{"id":21527,"date":"2021-12-23T10:20:03","date_gmt":"2021-12-23T16:20:03","guid":{"rendered":"https:\/\/encuentroinformativo.com.mx\/?p=21527"},"modified":"2021-12-23T10:20:06","modified_gmt":"2021-12-23T16:20:06","slug":"revanchismos-politicos","status":"publish","type":"post","link":"https:\/\/encuentroinformativo.com.mx\/?p=21527","title":{"rendered":"Revanchismos pol\u00edticos"},"content":{"rendered":"\n<p><strong>Los Pol\u00edticos<\/strong><\/p>\n\n\n\n<p><strong>Salvador Mu\u00f1oz<\/strong><\/p>\n\n\n\n<p>Es evidente que para Ricardo Monreal y Dante Delgado, la actuaci\u00f3n de la Fiscal\u00eda General del Estado tiene tintes de revanchismo pol\u00edtico\u2026 el asunto es que no son los \u00fanicos\u2026 esa misma percepci\u00f3n la tienen tambi\u00e9n el panismo y el perredismo.<\/p>\n\n\n\n<p>Hay que preocuparse cuando la percepci\u00f3n de los partidos de oposici\u00f3n (PAN, PRD y si me apuran, el PRI, as\u00ed como el Movimiento Ciudadano) es que la Fiscal\u00eda tiende m\u00e1s a un Procurar un Ajuste de Cuentas que a una Procuraci\u00f3n de Justicia\u2026 peor tantito: Morena igual tiende a creer eso\u2026<\/p>\n\n\n\n<p>En Pol\u00edtica, las coincidencias no existen y de eso puede hablar a la perfecci\u00f3n un Gonzalo Vicencio, as\u00ed como su esposa Guadalupe Arg\u00fcelles\u2026 \u00a1vamos! \u00a1hasta su hijo! Efr\u00e9n, saben lo que es aquello de que cuando la perra es brava\u2026<\/p>\n\n\n\n<p>O qu\u00e9 decir del diputaco Erik Iv\u00e1n Aguilar L\u00f3pez, quien pag\u00f3 caro el precio de disentir, de rebelarse, y acab\u00f3 desaforado\u2026<\/p>\n\n\n\n<p>En el PVEM las cosas tampoco son as\u00ed como quien dice, miel sobre hojuelas\u2026 pero exhibir a la alcaldesa electa Lissette \u00c1lvarez con v\u00ednculos en el crimen organizado como el mismo Cuitl\u00e1huac Garc\u00eda lo expuso, es utilizar la informaci\u00f3n de las mismas autoridades con las que presume sentarse cada ma\u00f1ana para darle un uso pol\u00edtico\u2026 o dijeran Dante Delgado y Ricardo Monreal: Abuso Pol\u00edtico\u2026 abuso del Poder.<\/p>\n\n\n\n<p>Se insiste: en pol\u00edtica, las coincidencias no existen.<\/p>\n\n\n\n<p>Pongamos el caso de Tito Delf\u00edn Cano. Se habla de una denuncia fincada en el 2017 por Marcela Aguilera Landeta, hoy fiscal de Investigaciones Ministeriales de la FGE\u2026 creo que nadie puede molestarse, porque si hay una denuncia, se act\u00fae conforme a derecho; el \u201csospechosismo0\u201d se puede concentrar en que, habiendo pasado casi tres a\u00f1os, la FGE act\u00faa justamente cuando Tito es candidato a la dirigencia del PAN y es apoyado por los Yunes. Siendo un mal pensado que casi no se nos da en nuestra naturaleza humana, se podr\u00eda ver ese expediente como una carta bajo la manga, en espera de sacarla en el momento preciso, en el instante justo, bajo el argumento de que la Justicia puede tardar, pero llega\u2026 aunque d\u00e9 lugar al \u201csospechosismo\u201d que lleva a pensar a Dante Delgado y Ricardo Monreal en el abuso del poder.<\/p>\n\n\n\n<p>El caso de Jos\u00e9 Manuel del R\u00edo Virgen ser\u00e1 un parteaguas sumamente interesante en la vida pol\u00edtica de Cuitl\u00e1huac Garc\u00eda Jim\u00e9nez porque de un modo u otro, bajo el \u201csospechosismo\u201d del abuso del poder, del revanchismo pol\u00edtico, de la represi\u00f3n pol\u00edtica, abre un nuevo frente de batalla, no contra la oposici\u00f3n, porque eso ser\u00eda de lo m\u00e1s normal, sino contra su propio partido, Morena\u2026 o a\u00fan m\u00e1s grave: contra un poder, el Senado, y aunque pareciera enfocado a quienes ocupan un esca\u00f1o de su partido, \u00a1ojo! porque hay oportunidad para que un PAN y un PRI unieran fuerzas a Monreal y Dante Delgado contra un Gobernador que atenta contra uno de su equipo, contra uno de los hombres m\u00e1s poderosos en el Senado, como es el secretario t\u00e9cnico de la Jucopo\u2026 s\u00f3lo imaginen el tama\u00f1o del l\u00edo para que Olga S\u00e1nchez Cordero abogue por Del R\u00edo Virgen; s\u00f3lo imaginen que salgan todos los Senadores de Morena a exigirle a Garc\u00eda Jim\u00e9nez que dentro de las investigaciones y el proceso penal que se desahogue para deslindar responsabilidades y esclarecer los hechos, se garantice el debido proceso y la presunci\u00f3n de inocencia de Jos\u00e9 Manuel del R\u00edo Virgen.<\/p>\n\n\n\n<p>Digo, nadie se pelea con que haya procuraci\u00f3n de Justicia, pero cuando \u00e9sta m\u00e1s bien parece que busca procurar un Ajuste de Cuentas, da lugar al sospechosismo del que Monreal y Dante hablan: abuso del poder en aras de revanchismos pol\u00edticos.<\/p>\n\n\n\n<p><a href=\"mailto:smcainito@gmail.com\" target=\"_blank\" rel=\"noreferrer noopener\">smcainito@gmail.com<\/a><\/p>\n","protected":false},"excerpt":{"rendered":"<p>Los Pol\u00edticos Salvador Mu\u00f1oz Es evidente que para Ricardo Monreal y Dante Delgado, la actuaci\u00f3n de la Fiscal\u00eda General del Estado tiene tintes de revanchismo pol\u00edtico\u2026 el asunto es que no son los \u00fanicos\u2026 esa misma percepci\u00f3n la tienen tambi\u00e9n el panismo y el perredismo. Hay que preocuparse cuando la percepci\u00f3n de los partidos de [&hellip;]<\/p>\n","protected":false},"author":1,"featured_media":387,"comment_status":"open","ping_status":"open","sticky":false,"template":"","format":"standard","meta":{"_jetpack_memberships_contains_paid_content":false,"footnotes":""},"categories":[11],"tags":[],"class_list":["post-21527","post","type-post","status-publish","format-standard","has-post-thumbnail","hentry","category-opinion"],"jetpack_featured_media_url":"https:\/\/encuentroinformativo.com.mx\/wp-content\/uploads\/2020\/03\/7CF8A22B-2764-47BE-8F7F-38FE9E5D6A2F.jpeg","jetpack_sharing_enabled":true,"jetpack_likes_enabled":true,"amp_enabled":true,"_links":{"self":[{"href":"https:\/\/encuentroinformativo.com.mx\/index.php?rest_route=\/wp\/v2\/posts\/21527","targetHints":{"allow":["GET"]}}],"collection":[{"href":"https:\/\/encuentroinformativo.com.mx\/index.php?rest_route=\/wp\/v2\/posts"}],"about":[{"href":"https:\/\/encuentroinformativo.com.mx\/index.php?rest_route=\/wp\/v2\/types\/post"}],"author":[{"embeddable":true,"href":"https:\/\/encuentroinformativo.com.mx\/index.php?rest_route=\/wp\/v2\/users\/1"}],"replies":[{"embeddable":true,"href":"https:\/\/encuentroinformativo.com.mx\/index.php?rest_route=%2Fwp%2Fv2%2Fcomments&post=21527"}],"version-history":[{"count":1,"href":"https:\/\/encuentroinformativo.com.mx\/index.php?rest_route=\/wp\/v2\/posts\/21527\/revisions"}],"predecessor-version":[{"id":21528,"href":"https:\/\/encuentroinformativo.com.mx\/index.php?rest_route=\/wp\/v2\/posts\/21527\/revisions\/21528"}],"wp:featuredmedia":[{"embeddable":true,"href":"https:\/\/encuentroinformativo.com.mx\/index.php?rest_route=\/wp\/v2\/media\/387"}],"wp:attachment":[{"href":"https:\/\/encuentroinformativo.com.mx\/index.php?rest_route=%2Fwp%2Fv2%2Fmedia&parent=21527"}],"wp:term":[{"taxonomy":"category","embeddable":true,"href":"https:\/\/encuentroinformativo.com.mx\/index.php?rest_route=%2Fwp%2Fv2%2Fcategories&post=21527"},{"taxonomy":"post_tag","embeddable":true,"href":"https:\/\/encuentroinformativo.com.mx\/index.php?rest_route=%2Fwp%2Fv2%2Ftags&post=21527"}],"curies":[{"name":"wp","href":"https:\/\/api.w.org\/{rel}","templated":true}]}}