{"id":21529,"date":"2021-12-23T12:42:36","date_gmt":"2021-12-23T18:42:36","guid":{"rendered":"https:\/\/encuentroinformativo.com.mx\/?p=21529"},"modified":"2021-12-23T12:42:40","modified_gmt":"2021-12-23T18:42:40","slug":"pensionados-recuerdan-desalojo-violento-esperan-castigo-a-responsables","status":"publish","type":"post","link":"https:\/\/encuentroinformativo.com.mx\/?p=21529","title":{"rendered":"Pensionados recuerdan desalojo violento; esperan castigo a responsables"},"content":{"rendered":"\n<p><strong>Juan Arcos <\/strong><\/p>\n\n\n\n<p>Xalapa, Ver.- Jubilados y pensionados protestaron frente a Palacio de Gobierno para exigir justicia a las autoridades por el violento desalojo que sufrieron el 23 de diciembre de 2015 por parte de la fuerza del Estado cuando exig\u00edan el pago de su pensi\u00f3n y aguinaldo.<\/p>\n\n\n\n<p>La presidente de la Coalici\u00f3n de Pensionistas Independientes del Estado de Veracruz, Dolores Mart\u00ednez Amilpa, record\u00f3 que posterior a la recomendaci\u00f3n emitida por la Comisi\u00f3n Nacional de Derechos Humanos, el gobierno estatal se disculp\u00f3 p\u00fablicamente.<\/p>\n\n\n\n<p>Sin embargo, a seis a\u00f1os de que fueran golpeados por polic\u00edas estatales y agredidos con toletes el\u00e9ctricos a\u00fan no hay castigo para los responsables.<\/p>\n\n\n\n<p>\u201cNo ha pasado nada, la Fiscal\u00eda no nos ofrece resultados, hemos solicitado al juez de control una audiencia para conocer los avances, pero el juez de control tampoco nos da una fecha de audiencia. Todos los responsables andan tan tranquilos en la calle, en sus notar\u00edas, en sus empresas y nosotros seguimos sin tener justicia\u201d.<\/p>\n\n\n\n<p>Cabe recordar que tras esa agresi\u00f3n, el entonces secretario de Gobierno, Flavino R\u00edos Alvarado, declar\u00f3 p\u00fablicamente que \u00e9l dio la instrucci\u00f3n al titular de la Secretar\u00eda de Seguridad P\u00fablica (SSP), Arturo Berm\u00fadez Zurita, para desalojar mediante la fuerza p\u00fablica a los diantos mayores en el centro de Xalapa.<\/p>\n\n\n\n<p>La entrevistada record\u00f3 que hay un registro de 707 adultos mayores que fueron agredidos por los elementos de la Polic\u00eda Estatal, quienes portaban escudos antimotines, armas de fuego y toletes el\u00e9ctricos.<\/p>\n\n\n\n<p>Tambi\u00e9n coment\u00f3 que recurrir\u00e1n a instancias internacionales para que presionen al gobierno de Veracruz y sean castigados quienes resulten responsables del desalojo violento en su contra.<\/p>\n\n\n\n<p>Mart\u00ednez Amilpa acus\u00f3 que autoridades de la Fiscal\u00eda General del Estado (FGE) se han negado a recibirlos y que lo mismo ocurri\u00f3 en el bienio de Miguel \u00c1ngel Yunes Linares.<\/p>\n\n\n\n<p>La CNDH se\u00f1al\u00f3 que el gobierno del estado y la Fiscal\u00eda una denuncia penal para fincar responsabilidades; sin embargo, este punto recomendatorio no se ha cumplido.<\/p>\n\n\n\n<p>\u201cHemos solicitado informaci\u00f3n y ese punto recomendatorio la CNDH misma no ha cumplido, sabemos que el IPE y la Fiscal\u00eda le env\u00edo un oficio, diciendo que cuando coadyuve lo har\u00e1n, pero la CNDH tampoco lo ha hecho\u201d, remat\u00f3 la Presidente de Copipev.<\/p>\n\n\n\n<figure class=\"wp-block-image size-large\"><img loading=\"lazy\" decoding=\"async\" width=\"1024\" height=\"768\" src=\"https:\/\/encuentroinformativo.com.mx\/wp-content\/uploads\/2021\/12\/67CA21A8-7DBE-4B89-95DC-B901BD443A9C-1024x768.jpeg\" alt=\"\" class=\"wp-image-21531\" srcset=\"https:\/\/encuentroinformativo.com.mx\/wp-content\/uploads\/2021\/12\/67CA21A8-7DBE-4B89-95DC-B901BD443A9C-1024x768.jpeg 1024w, https:\/\/encuentroinformativo.com.mx\/wp-content\/uploads\/2021\/12\/67CA21A8-7DBE-4B89-95DC-B901BD443A9C-300x225.jpeg 300w, https:\/\/encuentroinformativo.com.mx\/wp-content\/uploads\/2021\/12\/67CA21A8-7DBE-4B89-95DC-B901BD443A9C-768x576.jpeg 768w, https:\/\/encuentroinformativo.com.mx\/wp-content\/uploads\/2021\/12\/67CA21A8-7DBE-4B89-95DC-B901BD443A9C-1536x1152.jpeg 1536w, https:\/\/encuentroinformativo.com.mx\/wp-content\/uploads\/2021\/12\/67CA21A8-7DBE-4B89-95DC-B901BD443A9C.jpeg 2016w\" sizes=\"auto, (max-width: 1024px) 100vw, 1024px\" \/><\/figure>\n","protected":false},"excerpt":{"rendered":"<p>Juan Arcos Xalapa, Ver.- Jubilados y pensionados protestaron frente a Palacio de Gobierno para exigir justicia a las autoridades por el violento desalojo que sufrieron el 23 de diciembre de 2015 por parte de la fuerza del Estado cuando exig\u00edan el pago de su pensi\u00f3n y aguinaldo. La presidente de la Coalici\u00f3n de Pensionistas Independientes [&hellip;]<\/p>\n","protected":false},"author":1,"featured_media":21530,"comment_status":"open","ping_status":"open","sticky":false,"template":"","format":"standard","meta":{"_jetpack_memberships_contains_paid_content":false,"footnotes":""},"categories":[3],"tags":[],"class_list":["post-21529","post","type-post","status-publish","format-standard","has-post-thumbnail","hentry","category-xalapa"],"jetpack_featured_media_url":"https:\/\/encuentroinformativo.com.mx\/wp-content\/uploads\/2021\/12\/0D6464D0-D238-4A2E-919F-AA7C5FAE1C4C.jpeg","jetpack_sharing_enabled":true,"jetpack_likes_enabled":true,"amp_enabled":true,"_links":{"self":[{"href":"https:\/\/encuentroinformativo.com.mx\/index.php?rest_route=\/wp\/v2\/posts\/21529","targetHints":{"allow":["GET"]}}],"collection":[{"href":"https:\/\/encuentroinformativo.com.mx\/index.php?rest_route=\/wp\/v2\/posts"}],"about":[{"href":"https:\/\/encuentroinformativo.com.mx\/index.php?rest_route=\/wp\/v2\/types\/post"}],"author":[{"embeddable":true,"href":"https:\/\/encuentroinformativo.com.mx\/index.php?rest_route=\/wp\/v2\/users\/1"}],"replies":[{"embeddable":true,"href":"https:\/\/encuentroinformativo.com.mx\/index.php?rest_route=%2Fwp%2Fv2%2Fcomments&post=21529"}],"version-history":[{"count":1,"href":"https:\/\/encuentroinformativo.com.mx\/index.php?rest_route=\/wp\/v2\/posts\/21529\/revisions"}],"predecessor-version":[{"id":21532,"href":"https:\/\/encuentroinformativo.com.mx\/index.php?rest_route=\/wp\/v2\/posts\/21529\/revisions\/21532"}],"wp:featuredmedia":[{"embeddable":true,"href":"https:\/\/encuentroinformativo.com.mx\/index.php?rest_route=\/wp\/v2\/media\/21530"}],"wp:attachment":[{"href":"https:\/\/encuentroinformativo.com.mx\/index.php?rest_route=%2Fwp%2Fv2%2Fmedia&parent=21529"}],"wp:term":[{"taxonomy":"category","embeddable":true,"href":"https:\/\/encuentroinformativo.com.mx\/index.php?rest_route=%2Fwp%2Fv2%2Fcategories&post=21529"},{"taxonomy":"post_tag","embeddable":true,"href":"https:\/\/encuentroinformativo.com.mx\/index.php?rest_route=%2Fwp%2Fv2%2Ftags&post=21529"}],"curies":[{"name":"wp","href":"https:\/\/api.w.org\/{rel}","templated":true}]}}