{"id":21536,"date":"2021-12-23T13:24:55","date_gmt":"2021-12-23T19:24:55","guid":{"rendered":"https:\/\/encuentroinformativo.com.mx\/?p=21536"},"modified":"2021-12-23T13:24:58","modified_gmt":"2021-12-23T19:24:58","slug":"se-suspendera-servicio-de-recoleccion-de-basura","status":"publish","type":"post","link":"https:\/\/encuentroinformativo.com.mx\/?p=21536","title":{"rendered":"Se suspender\u00e1 servicio de recolecci\u00f3n de basura"},"content":{"rendered":"\n<p><strong>Juan Arcos<\/strong><\/p>\n\n\n\n<p>Xalapa, Ver.- Durante los d\u00edas 25 de diciembre y 1 de enero de 2022 no habr\u00e1 servicio de Limpia P\u00fablica en la ciudad de Xalapa por las fiestas decembrinas.<\/p>\n\n\n\n<p>El l\u00edder sindical de los trabajadores, Guillermo Caballero de Jes\u00fas, indic\u00f3 que los empleados tambi\u00e9n tienen derecho a tomar esos d\u00edas de descanso.<\/p>\n\n\n\n<p>En ese sentido, detall\u00f3 que durante los d\u00edas 24 y 31 de diciembre trabajar\u00e1 una cuadrilla de limpia p\u00fablica para no descuidar dicho servicio en la ciudad.<\/p>\n\n\n\n<p>\u201cLos trabajadores siempre est\u00e1n con la camisa puesta y ellos siempre preocupados que la ciudadan\u00eda no tenga mucho tiempo con los desechos s\u00f3lidos en sus hogares\u201d, expres\u00f3.<\/p>\n\n\n\n<p>El dirigente sindical pidi\u00f3 a la poblaci\u00f3n no sacar la basura de sus hogares en las fechas mencionadas para evitar otras problem\u00e1ticas.<\/p>\n\n\n\n<p>Adem\u00e1s, se comprometi\u00f3 a que los trabajos sean reanudados los d\u00edas 26 de diciembre y 2 de enero, sobre todo en las principales calles y avenidas de la capital del estado.<\/p>\n\n\n\n<p>Cabe recordar que en total hay 525 trabajadores dedicados a la recolecci\u00f3n, barrido, inspecci\u00f3n y talleres.<\/p>\n\n\n\n<p>En el turno matutino se cubren 65 rutas para la recolecci\u00f3n de basura y otras 22 por la noche, en el centro de la ciudad.<\/p>\n","protected":false},"excerpt":{"rendered":"<p>Juan Arcos Xalapa, Ver.- Durante los d\u00edas 25 de diciembre y 1 de enero de 2022 no habr\u00e1 servicio de Limpia P\u00fablica en la ciudad de Xalapa por las fiestas decembrinas. El l\u00edder sindical de los trabajadores, Guillermo Caballero de Jes\u00fas, indic\u00f3 que los empleados tambi\u00e9n tienen derecho a tomar esos d\u00edas de descanso. En [&hellip;]<\/p>\n","protected":false},"author":1,"featured_media":21537,"comment_status":"open","ping_status":"open","sticky":false,"template":"","format":"standard","meta":{"_jetpack_memberships_contains_paid_content":false,"footnotes":""},"categories":[3],"tags":[],"class_list":["post-21536","post","type-post","status-publish","format-standard","has-post-thumbnail","hentry","category-xalapa"],"jetpack_featured_media_url":"https:\/\/encuentroinformativo.com.mx\/wp-content\/uploads\/2021\/12\/3C4C5E66-C69A-4987-81B1-A355194B24A9.jpeg","jetpack_sharing_enabled":true,"jetpack_likes_enabled":true,"amp_enabled":true,"_links":{"self":[{"href":"https:\/\/encuentroinformativo.com.mx\/index.php?rest_route=\/wp\/v2\/posts\/21536","targetHints":{"allow":["GET"]}}],"collection":[{"href":"https:\/\/encuentroinformativo.com.mx\/index.php?rest_route=\/wp\/v2\/posts"}],"about":[{"href":"https:\/\/encuentroinformativo.com.mx\/index.php?rest_route=\/wp\/v2\/types\/post"}],"author":[{"embeddable":true,"href":"https:\/\/encuentroinformativo.com.mx\/index.php?rest_route=\/wp\/v2\/users\/1"}],"replies":[{"embeddable":true,"href":"https:\/\/encuentroinformativo.com.mx\/index.php?rest_route=%2Fwp%2Fv2%2Fcomments&post=21536"}],"version-history":[{"count":1,"href":"https:\/\/encuentroinformativo.com.mx\/index.php?rest_route=\/wp\/v2\/posts\/21536\/revisions"}],"predecessor-version":[{"id":21538,"href":"https:\/\/encuentroinformativo.com.mx\/index.php?rest_route=\/wp\/v2\/posts\/21536\/revisions\/21538"}],"wp:featuredmedia":[{"embeddable":true,"href":"https:\/\/encuentroinformativo.com.mx\/index.php?rest_route=\/wp\/v2\/media\/21537"}],"wp:attachment":[{"href":"https:\/\/encuentroinformativo.com.mx\/index.php?rest_route=%2Fwp%2Fv2%2Fmedia&parent=21536"}],"wp:term":[{"taxonomy":"category","embeddable":true,"href":"https:\/\/encuentroinformativo.com.mx\/index.php?rest_route=%2Fwp%2Fv2%2Fcategories&post=21536"},{"taxonomy":"post_tag","embeddable":true,"href":"https:\/\/encuentroinformativo.com.mx\/index.php?rest_route=%2Fwp%2Fv2%2Ftags&post=21536"}],"curies":[{"name":"wp","href":"https:\/\/api.w.org\/{rel}","templated":true}]}}