{"id":21575,"date":"2021-12-26T13:44:56","date_gmt":"2021-12-26T19:44:56","guid":{"rendered":"https:\/\/encuentroinformativo.com.mx\/?p=21575"},"modified":"2021-12-26T13:45:00","modified_gmt":"2021-12-26T19:45:00","slug":"el-ultimo-examen-del-ano","status":"publish","type":"post","link":"https:\/\/encuentroinformativo.com.mx\/?p=21575","title":{"rendered":"El \u00faltimo examen del a\u00f1o"},"content":{"rendered":"\n<p><strong>Zaira Rosas<\/strong><\/p>\n\n\n\n<p>Llega el fin del a\u00f1o, pero no se ha acabado la pandemia, aunque la ilusi\u00f3n de cerrar ciclos y un nuevo comienzo nos brinde falsos aires de esperanza tenemos que ser realistas, hay infinidad de virus proliferando y mutando, listos para atacarnos en cuanto bajamos las defensas.&nbsp;<\/p>\n\n\n\n<p>Omicron&nbsp;es la nueva variante que ha puesto en alerta a las fronteras y el sector salud, en tanto que el com\u00fan de la poblaci\u00f3n no piensa frenar el impulso que reci\u00e9n ha podido tomar despu\u00e9s de dos a\u00f1os de encierro y decrecimiento. Los comercios est\u00e1n cansados de las medidas sanitarias y en igual forma la poblaci\u00f3n ha quedado vulnerada f\u00edsica y psicol\u00f3gicamente.&nbsp;<\/p>\n\n\n\n<p>Mientras tanto el planeta a gritos pide un alto a nuestra especie, que con un vertiginoso estilo de vida se ha considerado superior a cualquier otra, acaparando todos los ecosistemas, pensando en su desarrollo por encima del de otros y destruyendo as\u00ed las posibilidades de las futuras generaciones.&nbsp;<\/p>\n\n\n\n<p>Quiz\u00e1s la llegada de una pandemia es s\u00f3lo consecuencia de nuestras acciones ego\u00edstas. Y hemos actuado as\u00ed incluso con nuestra misma especie, distinguiendo al entorno seg\u00fan sus colores o creencias, pensando en el bienestar de unos cu\u00e1ntos por encima de algo com\u00fan, considerando que la realidad lacerante de otros no es nuestra y por ende nada nos queda por hacer.&nbsp;<\/p>\n\n\n\n<p>A la par de ese ego\u00edsmo y la necesidad creciente de poder, vemos a nuestros dirigentes ocup\u00e1ndose en luchas absurdas, olvid\u00e1ndose de necesidades reales, mostrando como logros la entrega de apoyos sin resultados y preservando antiguas formas de dominaci\u00f3n y control. Con estos comportamientos extremos se avivan ideolog\u00edas de izquierda y derecha que alrededor del mundo luchan entre s\u00ed, olvid\u00e1ndose de encontrar un punto de equilibrio justo en el centro.&nbsp;<\/p>\n\n\n\n<p>Nada que se lleva a sus l\u00edmites termina bien, en puntos del globo terr\u00e1queo donde se consideraba que se hab\u00eda avanzado nos toc\u00f3 retroceder, las mujeres vuelven a portar un velo y los derechos que les permit\u00edan desplazarse libremente les han sido arrebatados.&nbsp;Hablamos en algunos puntos de la b\u00fasqueda de oportunidades, pero cada vez son menos los que estamos dispuestos a aprender y pese a las circunstancias no hemos entendido que es urgente que nuestra especie se adapte a los cambios del mundo y no al rev\u00e9s, pues sin importar cu\u00e1n superiores nos consideremos, no todo est\u00e1 bajo nuestro control.<\/p>\n\n\n\n<p>Cre\u00edamos que el tiempo hab\u00eda pasado y que avanzamos derrumbando muros que separaban a familias enteras, pero los seguimos levantando en nuevas fronteras, creyendo que las oportunidades son s\u00f3lo para quienes poseen la tierra.&nbsp;Suplicamos al norte que tenga respeto y compasi\u00f3n por los nuestros, pero nunca mostramos esas mismas cualidades ante quienes arriban del sur.&nbsp;<\/p>\n\n\n\n<p>Despu\u00e9s de un minucioso an\u00e1lisis los grandes l\u00edderes han determinado que la soluci\u00f3n a nuestros problemas se encuentra en mostrar m\u00e1s solidaridad y empat\u00eda, pero se olvidan de que actualmente esas cualidades son selectivas, pues s\u00f3lo podemos mostrarlas con aquel que reconocemos como igual, con quienes logramos entender y para ser realistas en medio de unencierro constante cada vez nos entendemos menos.&nbsp;<\/p>\n\n\n\n<p>La pandemia tambi\u00e9n nos encerr\u00f3 en el individualismo, hizo que tuvi\u00e9ramos que cuestionar hasta las emociones m\u00e1s sencillas, torn\u00e1ndolas complejas y en casos muy severos resultaron m\u00e1s extenuantes los propios demonios que el caos del mundo exterior. As\u00ed que de cara al 2022 hemos de pensar m\u00e1s en conjunto, procurando en cada acci\u00f3n hacer el bien, considerando las consecuencias de nuestros actos y viviendo con libertad y amor nuestro presente, procurando que las consecuencias de nuestros actos nos brinden un mejor futuro.<\/p>\n\n\n\n<p>Este 2022 piensa en cada una de tus metas y sue\u00f1os, vivamos con intensidad y gratitud cada nuevo d\u00eda y comencemos a trabajar m\u00e1s en el respeto de nuestro entorno y para los dem\u00e1s. Si partimos desde estos principios seguramente el a\u00f1o que viene ser\u00e1 mejor.&nbsp;<\/p>\n","protected":false},"excerpt":{"rendered":"<p>Zaira Rosas Llega el fin del a\u00f1o, pero no se ha acabado la pandemia, aunque la ilusi\u00f3n de cerrar ciclos y un nuevo comienzo nos brinde falsos aires de esperanza tenemos que ser realistas, hay infinidad de virus proliferando y mutando, listos para atacarnos en cuanto bajamos las defensas.&nbsp; Omicron&nbsp;es la nueva variante que ha [&hellip;]<\/p>\n","protected":false},"author":1,"featured_media":387,"comment_status":"open","ping_status":"open","sticky":false,"template":"","format":"standard","meta":{"_jetpack_memberships_contains_paid_content":false,"footnotes":""},"categories":[11],"tags":[],"class_list":["post-21575","post","type-post","status-publish","format-standard","has-post-thumbnail","hentry","category-opinion"],"jetpack_featured_media_url":"https:\/\/encuentroinformativo.com.mx\/wp-content\/uploads\/2020\/03\/7CF8A22B-2764-47BE-8F7F-38FE9E5D6A2F.jpeg","jetpack_sharing_enabled":true,"jetpack_likes_enabled":true,"amp_enabled":true,"_links":{"self":[{"href":"https:\/\/encuentroinformativo.com.mx\/index.php?rest_route=\/wp\/v2\/posts\/21575","targetHints":{"allow":["GET"]}}],"collection":[{"href":"https:\/\/encuentroinformativo.com.mx\/index.php?rest_route=\/wp\/v2\/posts"}],"about":[{"href":"https:\/\/encuentroinformativo.com.mx\/index.php?rest_route=\/wp\/v2\/types\/post"}],"author":[{"embeddable":true,"href":"https:\/\/encuentroinformativo.com.mx\/index.php?rest_route=\/wp\/v2\/users\/1"}],"replies":[{"embeddable":true,"href":"https:\/\/encuentroinformativo.com.mx\/index.php?rest_route=%2Fwp%2Fv2%2Fcomments&post=21575"}],"version-history":[{"count":1,"href":"https:\/\/encuentroinformativo.com.mx\/index.php?rest_route=\/wp\/v2\/posts\/21575\/revisions"}],"predecessor-version":[{"id":21576,"href":"https:\/\/encuentroinformativo.com.mx\/index.php?rest_route=\/wp\/v2\/posts\/21575\/revisions\/21576"}],"wp:featuredmedia":[{"embeddable":true,"href":"https:\/\/encuentroinformativo.com.mx\/index.php?rest_route=\/wp\/v2\/media\/387"}],"wp:attachment":[{"href":"https:\/\/encuentroinformativo.com.mx\/index.php?rest_route=%2Fwp%2Fv2%2Fmedia&parent=21575"}],"wp:term":[{"taxonomy":"category","embeddable":true,"href":"https:\/\/encuentroinformativo.com.mx\/index.php?rest_route=%2Fwp%2Fv2%2Fcategories&post=21575"},{"taxonomy":"post_tag","embeddable":true,"href":"https:\/\/encuentroinformativo.com.mx\/index.php?rest_route=%2Fwp%2Fv2%2Ftags&post=21575"}],"curies":[{"name":"wp","href":"https:\/\/api.w.org\/{rel}","templated":true}]}}