{"id":21577,"date":"2021-12-26T14:05:46","date_gmt":"2021-12-26T20:05:46","guid":{"rendered":"https:\/\/encuentroinformativo.com.mx\/?p=21577"},"modified":"2021-12-26T14:05:50","modified_gmt":"2021-12-26T20:05:50","slug":"con-protesta-demandan-liberacion-de-jose-manuel-n","status":"publish","type":"post","link":"https:\/\/encuentroinformativo.com.mx\/?p=21577","title":{"rendered":"Con protesta, demandan liberaci\u00f3n de Jos\u00e9 Manuel \u201cN\u201d"},"content":{"rendered":"\n<p><strong>Juan Arcos<\/strong><\/p>\n\n\n\n<p>Xalapa, Ver.- Un grupo de personas protest\u00f3 sobre la glorieta de las avenidas\u00a0Araucarias, 20\u00a0de Noviembre y L\u00e1zaro C\u00e1rdenas, en esta ciudad de Xalapa, para exigir la liberaci\u00f3n de Jos\u00e9 Manuel del R\u00edo Virgen, secretario t\u00e9cnico de la Junta de Coordinaci\u00f3n Pol\u00edtica (Jucopo) en el Senado de la Rep\u00fablica.<\/p>\n\n\n\n<p>Se trata de familiares y amigos quienes sostuvieron pancartas con la leyenda: \u201cNo est\u00e1s solo, estamos contigo, fuerza Del R\u00edo\u201d y \u201cJusticia para Del R\u00edo\u201d.<\/p>\n\n\n\n<p>Los manifestantes negaron declaraciones a los reporteros y representantes de los medios de comunicaci\u00f3n y s\u00f3lo expresaron que se trataba de una manifestaci\u00f3n pac\u00edfica en la capital del estado.<\/p>\n\n\n\n<p>De manera simult\u00e1nea, un grupo de personas protest\u00f3 en el Monumento a la Revoluci\u00f3n, en la Ciudad de M\u00e9xico, por el mismo motivo.<\/p>\n\n\n\n<p>Del R\u00edo Virgen fue detenido el pasado mi\u00e9rcoles 22 de diciembre por su presunta participaci\u00f3n en el asesinato de Remigio Tovar Tovar, candidato de Movimiento Ciudadano (MC) a la alcald\u00eda de Cazones de Herrera, dos d\u00edas antes de la contienda electoral del 6 de junio en Veracruz.<\/p>\n\n\n\n<p>Un juez de control dict\u00f3 un a\u00f1o de prisi\u00f3n preventiva en contra del colaborador del senador Ricardo Monreal \u00c1vila, presidente de la Jucopo en el Senado y coordinador de los legisladores del Movimiento de Regeneraci\u00f3n Nacional (Morena).<\/p>\n\n\n\n<p>El pasado viernes 24 de diciembre, Monreal \u00c1vila y su hom\u00f3logo Dante Delgado Rannauro acudieron al penal de Pacho Viejo, municipio de Coatepec, para respaldar a su compa\u00f1ero y amigo.<\/p>\n\n\n\n<p>Ambos pretend\u00edan visitarlo al interior del Centro de Reinserci\u00f3n Social (Cereso); sin embargo, por la pandemia del SARS-COV-2 (COVID-19), no les permitieron el acceso.<\/p>\n\n\n\n<p>Los senadores sostuvieron que se trata de una detenci\u00f3n ilegal y que debe ser liberado en la pr\u00f3xima audiencia ante el juez de control, programada para el lunes 27 de diciembre.<\/p>\n","protected":false},"excerpt":{"rendered":"<p>Juan Arcos Xalapa, Ver.- Un grupo de personas protest\u00f3 sobre la glorieta de las avenidas\u00a0Araucarias, 20\u00a0de Noviembre y L\u00e1zaro C\u00e1rdenas, en esta ciudad de Xalapa, para exigir la liberaci\u00f3n de Jos\u00e9 Manuel del R\u00edo Virgen, secretario t\u00e9cnico de la Junta de Coordinaci\u00f3n Pol\u00edtica (Jucopo) en el Senado de la Rep\u00fablica. Se trata de familiares y [&hellip;]<\/p>\n","protected":false},"author":1,"featured_media":21578,"comment_status":"open","ping_status":"open","sticky":false,"template":"","format":"standard","meta":{"_jetpack_memberships_contains_paid_content":false,"footnotes":""},"categories":[3],"tags":[],"class_list":["post-21577","post","type-post","status-publish","format-standard","has-post-thumbnail","hentry","category-xalapa"],"jetpack_featured_media_url":"https:\/\/encuentroinformativo.com.mx\/wp-content\/uploads\/2021\/12\/CC227BD6-861E-46B8-B701-B5A3787A119F.jpeg","jetpack_sharing_enabled":true,"jetpack_likes_enabled":true,"amp_enabled":true,"_links":{"self":[{"href":"https:\/\/encuentroinformativo.com.mx\/index.php?rest_route=\/wp\/v2\/posts\/21577","targetHints":{"allow":["GET"]}}],"collection":[{"href":"https:\/\/encuentroinformativo.com.mx\/index.php?rest_route=\/wp\/v2\/posts"}],"about":[{"href":"https:\/\/encuentroinformativo.com.mx\/index.php?rest_route=\/wp\/v2\/types\/post"}],"author":[{"embeddable":true,"href":"https:\/\/encuentroinformativo.com.mx\/index.php?rest_route=\/wp\/v2\/users\/1"}],"replies":[{"embeddable":true,"href":"https:\/\/encuentroinformativo.com.mx\/index.php?rest_route=%2Fwp%2Fv2%2Fcomments&post=21577"}],"version-history":[{"count":1,"href":"https:\/\/encuentroinformativo.com.mx\/index.php?rest_route=\/wp\/v2\/posts\/21577\/revisions"}],"predecessor-version":[{"id":21579,"href":"https:\/\/encuentroinformativo.com.mx\/index.php?rest_route=\/wp\/v2\/posts\/21577\/revisions\/21579"}],"wp:featuredmedia":[{"embeddable":true,"href":"https:\/\/encuentroinformativo.com.mx\/index.php?rest_route=\/wp\/v2\/media\/21578"}],"wp:attachment":[{"href":"https:\/\/encuentroinformativo.com.mx\/index.php?rest_route=%2Fwp%2Fv2%2Fmedia&parent=21577"}],"wp:term":[{"taxonomy":"category","embeddable":true,"href":"https:\/\/encuentroinformativo.com.mx\/index.php?rest_route=%2Fwp%2Fv2%2Fcategories&post=21577"},{"taxonomy":"post_tag","embeddable":true,"href":"https:\/\/encuentroinformativo.com.mx\/index.php?rest_route=%2Fwp%2Fv2%2Ftags&post=21577"}],"curies":[{"name":"wp","href":"https:\/\/api.w.org\/{rel}","templated":true}]}}