{"id":21580,"date":"2021-12-26T14:19:57","date_gmt":"2021-12-26T20:19:57","guid":{"rendered":"https:\/\/encuentroinformativo.com.mx\/?p=21580"},"modified":"2021-12-26T14:20:01","modified_gmt":"2021-12-26T20:20:01","slug":"se-registro-fuerte-accidente-en-el-gallito","status":"publish","type":"post","link":"https:\/\/encuentroinformativo.com.mx\/?p=21580","title":{"rendered":"Se registr\u00f3 fuerte accidente en El Gallito"},"content":{"rendered":"\n<p>Banderilla, Ver.- A temprana hora de este domingo en la carretera Xalapa &#8211; Banderilla a la altura de la zona conocida como El Gallito, se suscit\u00f3 un grave accidente entre un taxi de la regi\u00f3n Xalapa y una camioneta.<\/p>\n\n\n\n<p>Ambos veh\u00edculos quedaron con cuantiosos da\u00f1os dejando como saldo dos personas lesionadas.<\/p>\n\n\n\n<p>Elementos de bomberos y personal param\u00e9dicos arribaron al lugar para atender a los heridos y prevenir otro incidente; elementos de Tr\u00e1nsito abanderaban el tr\u00e1fico\u00a0 mientras se realizaban las labores para retirar los veh\u00edculos.<\/p>\n\n\n\n<figure class=\"wp-block-image size-large\"><img loading=\"lazy\" decoding=\"async\" width=\"895\" height=\"900\" src=\"https:\/\/encuentroinformativo.com.mx\/wp-content\/uploads\/2021\/12\/A97A2CAA-1E2B-440F-8F02-4A0CB3207126.jpeg\" alt=\"\" class=\"wp-image-21582\" srcset=\"https:\/\/encuentroinformativo.com.mx\/wp-content\/uploads\/2021\/12\/A97A2CAA-1E2B-440F-8F02-4A0CB3207126.jpeg 895w, https:\/\/encuentroinformativo.com.mx\/wp-content\/uploads\/2021\/12\/A97A2CAA-1E2B-440F-8F02-4A0CB3207126-298x300.jpeg 298w, https:\/\/encuentroinformativo.com.mx\/wp-content\/uploads\/2021\/12\/A97A2CAA-1E2B-440F-8F02-4A0CB3207126-150x150.jpeg 150w, https:\/\/encuentroinformativo.com.mx\/wp-content\/uploads\/2021\/12\/A97A2CAA-1E2B-440F-8F02-4A0CB3207126-768x772.jpeg 768w\" sizes=\"auto, (max-width: 895px) 100vw, 895px\" \/><\/figure>\n\n\n\n<figure class=\"wp-block-image size-large\"><img loading=\"lazy\" decoding=\"async\" width=\"915\" height=\"1024\" src=\"https:\/\/encuentroinformativo.com.mx\/wp-content\/uploads\/2021\/12\/E88B3251-8C75-4ADA-9639-D4AE2B93CF35-915x1024.jpeg\" alt=\"\" class=\"wp-image-21583\" srcset=\"https:\/\/encuentroinformativo.com.mx\/wp-content\/uploads\/2021\/12\/E88B3251-8C75-4ADA-9639-D4AE2B93CF35-915x1024.jpeg 915w, https:\/\/encuentroinformativo.com.mx\/wp-content\/uploads\/2021\/12\/E88B3251-8C75-4ADA-9639-D4AE2B93CF35-268x300.jpeg 268w, https:\/\/encuentroinformativo.com.mx\/wp-content\/uploads\/2021\/12\/E88B3251-8C75-4ADA-9639-D4AE2B93CF35-768x859.jpeg 768w, https:\/\/encuentroinformativo.com.mx\/wp-content\/uploads\/2021\/12\/E88B3251-8C75-4ADA-9639-D4AE2B93CF35.jpeg 959w\" sizes=\"auto, (max-width: 915px) 100vw, 915px\" \/><\/figure>\n","protected":false},"excerpt":{"rendered":"<p>Banderilla, Ver.- A temprana hora de este domingo en la carretera Xalapa &#8211; Banderilla a la altura de la zona conocida como El Gallito, se suscit\u00f3 un grave accidente entre un taxi de la regi\u00f3n Xalapa y una camioneta. Ambos veh\u00edculos quedaron con cuantiosos da\u00f1os dejando como saldo dos personas lesionadas. Elementos de bomberos y [&hellip;]<\/p>\n","protected":false},"author":1,"featured_media":21581,"comment_status":"open","ping_status":"open","sticky":false,"template":"","format":"standard","meta":{"_jetpack_memberships_contains_paid_content":false,"footnotes":""},"categories":[8],"tags":[],"class_list":["post-21580","post","type-post","status-publish","format-standard","has-post-thumbnail","hentry","category-region"],"jetpack_featured_media_url":"https:\/\/encuentroinformativo.com.mx\/wp-content\/uploads\/2021\/12\/05B3C40E-F902-4FD3-A0BF-5946E63541B2.jpeg","jetpack_sharing_enabled":true,"jetpack_likes_enabled":true,"amp_enabled":true,"_links":{"self":[{"href":"https:\/\/encuentroinformativo.com.mx\/index.php?rest_route=\/wp\/v2\/posts\/21580","targetHints":{"allow":["GET"]}}],"collection":[{"href":"https:\/\/encuentroinformativo.com.mx\/index.php?rest_route=\/wp\/v2\/posts"}],"about":[{"href":"https:\/\/encuentroinformativo.com.mx\/index.php?rest_route=\/wp\/v2\/types\/post"}],"author":[{"embeddable":true,"href":"https:\/\/encuentroinformativo.com.mx\/index.php?rest_route=\/wp\/v2\/users\/1"}],"replies":[{"embeddable":true,"href":"https:\/\/encuentroinformativo.com.mx\/index.php?rest_route=%2Fwp%2Fv2%2Fcomments&post=21580"}],"version-history":[{"count":1,"href":"https:\/\/encuentroinformativo.com.mx\/index.php?rest_route=\/wp\/v2\/posts\/21580\/revisions"}],"predecessor-version":[{"id":21584,"href":"https:\/\/encuentroinformativo.com.mx\/index.php?rest_route=\/wp\/v2\/posts\/21580\/revisions\/21584"}],"wp:featuredmedia":[{"embeddable":true,"href":"https:\/\/encuentroinformativo.com.mx\/index.php?rest_route=\/wp\/v2\/media\/21581"}],"wp:attachment":[{"href":"https:\/\/encuentroinformativo.com.mx\/index.php?rest_route=%2Fwp%2Fv2%2Fmedia&parent=21580"}],"wp:term":[{"taxonomy":"category","embeddable":true,"href":"https:\/\/encuentroinformativo.com.mx\/index.php?rest_route=%2Fwp%2Fv2%2Fcategories&post=21580"},{"taxonomy":"post_tag","embeddable":true,"href":"https:\/\/encuentroinformativo.com.mx\/index.php?rest_route=%2Fwp%2Fv2%2Ftags&post=21580"}],"curies":[{"name":"wp","href":"https:\/\/api.w.org\/{rel}","templated":true}]}}