{"id":21589,"date":"2021-12-26T15:54:05","date_gmt":"2021-12-26T21:54:05","guid":{"rendered":"https:\/\/encuentroinformativo.com.mx\/?p=21589"},"modified":"2021-12-26T15:54:09","modified_gmt":"2021-12-26T21:54:09","slug":"transportistas-a-favor-de-centro-historico-peatonal","status":"publish","type":"post","link":"https:\/\/encuentroinformativo.com.mx\/?p=21589","title":{"rendered":"Transportistas a favor de centro hist\u00f3rico peatonal"},"content":{"rendered":"\n<p><strong>Juan Arcos<\/strong> <\/p>\n\n\n\n<p>Xalapa, Ver.- Transportistas solicitar\u00e1n a la pr\u00f3xima administraci\u00f3n municipal que cierre la circulaci\u00f3n vehicular en el Centro Hist\u00f3rico de Xalapa para que el sitio sea meramente peatonal.<\/p>\n\n\n\n<p>De acuerdo con Ignacio V\u00e1zquez L\u00f3pez, subsecretario de la Confederaci\u00f3n de Trabajadores de M\u00e9xico (CTM) en Veracruz, dicha medida ha sido propuesta durante gobiernos municipales anteriores y podr\u00eda ser ben\u00e9fica para la poblaci\u00f3n.<\/p>\n\n\n\n<p>A su juicio, ser\u00eda necesario un reordenamiento en las rutas del transporte p\u00fablico por parte de las autoridades estatales.<\/p>\n\n\n\n<p>\u201cDesde hace muchos a\u00f1os, en otros gobiernos, siempre se ha intentado que el centro de la ciudad, a trav\u00e9s del gobierno las rutas se reordenaran para efecto de esa libertad de poder transitar por el aspecto de las calles reducidas y ojal\u00e1 lo logren\u201d.<\/p>\n\n\n\n<p>Algunos comerciantes han manifestado que la propuesta podr\u00eda mejorar su situaci\u00f3n econ\u00f3mica; sin embargo, hay otros que est\u00e1n en contra.<\/p>\n\n\n\n<p>\u201cC\u00f3mo ciudadano xalape\u00f1o ser\u00eda bonito caminar de una manera tranquila para distraerse un rato y hacer una compra con tranquilidad y no tener la pasadera de tanto veh\u00edculo\u201d.<\/p>\n\n\n\n<p>V\u00e1zquez L\u00f3pez indic\u00f3 que el ayuntamiento de Xalapa, que encabezar\u00e1 Ricardo Ahued Bardahuil a partir del 1 de enero pr\u00f3ximo, deber\u00e1 tomar en cuenta al sector transportista para evitar que sea afectado con el cierre del centro.<\/p>\n\n\n\n<p>\u201cDepende de c\u00f3mo se haga el planteamiento. Se trata de lograr un objetivo pero sin da\u00f1ar a nadie y si eso va bajo ese esquema yo creo que todo mundo lo va a ver con buenos ojos\u201d, enfatiz\u00f3.<\/p>\n","protected":false},"excerpt":{"rendered":"<p>Juan Arcos Xalapa, Ver.- Transportistas solicitar\u00e1n a la pr\u00f3xima administraci\u00f3n municipal que cierre la circulaci\u00f3n vehicular en el Centro Hist\u00f3rico de Xalapa para que el sitio sea meramente peatonal. De acuerdo con Ignacio V\u00e1zquez L\u00f3pez, subsecretario de la Confederaci\u00f3n de Trabajadores de M\u00e9xico (CTM) en Veracruz, dicha medida ha sido propuesta durante gobiernos municipales anteriores [&hellip;]<\/p>\n","protected":false},"author":1,"featured_media":21590,"comment_status":"open","ping_status":"open","sticky":false,"template":"","format":"standard","meta":{"_jetpack_memberships_contains_paid_content":false,"footnotes":""},"categories":[3],"tags":[],"class_list":["post-21589","post","type-post","status-publish","format-standard","has-post-thumbnail","hentry","category-xalapa"],"jetpack_featured_media_url":"https:\/\/encuentroinformativo.com.mx\/wp-content\/uploads\/2021\/12\/4FE0D651-129E-4D60-B9BA-233DB46782AE.jpeg","jetpack_sharing_enabled":true,"jetpack_likes_enabled":true,"amp_enabled":true,"_links":{"self":[{"href":"https:\/\/encuentroinformativo.com.mx\/index.php?rest_route=\/wp\/v2\/posts\/21589","targetHints":{"allow":["GET"]}}],"collection":[{"href":"https:\/\/encuentroinformativo.com.mx\/index.php?rest_route=\/wp\/v2\/posts"}],"about":[{"href":"https:\/\/encuentroinformativo.com.mx\/index.php?rest_route=\/wp\/v2\/types\/post"}],"author":[{"embeddable":true,"href":"https:\/\/encuentroinformativo.com.mx\/index.php?rest_route=\/wp\/v2\/users\/1"}],"replies":[{"embeddable":true,"href":"https:\/\/encuentroinformativo.com.mx\/index.php?rest_route=%2Fwp%2Fv2%2Fcomments&post=21589"}],"version-history":[{"count":1,"href":"https:\/\/encuentroinformativo.com.mx\/index.php?rest_route=\/wp\/v2\/posts\/21589\/revisions"}],"predecessor-version":[{"id":21591,"href":"https:\/\/encuentroinformativo.com.mx\/index.php?rest_route=\/wp\/v2\/posts\/21589\/revisions\/21591"}],"wp:featuredmedia":[{"embeddable":true,"href":"https:\/\/encuentroinformativo.com.mx\/index.php?rest_route=\/wp\/v2\/media\/21590"}],"wp:attachment":[{"href":"https:\/\/encuentroinformativo.com.mx\/index.php?rest_route=%2Fwp%2Fv2%2Fmedia&parent=21589"}],"wp:term":[{"taxonomy":"category","embeddable":true,"href":"https:\/\/encuentroinformativo.com.mx\/index.php?rest_route=%2Fwp%2Fv2%2Fcategories&post=21589"},{"taxonomy":"post_tag","embeddable":true,"href":"https:\/\/encuentroinformativo.com.mx\/index.php?rest_route=%2Fwp%2Fv2%2Ftags&post=21589"}],"curies":[{"name":"wp","href":"https:\/\/api.w.org\/{rel}","templated":true}]}}