{"id":21592,"date":"2021-12-26T21:11:09","date_gmt":"2021-12-27T03:11:09","guid":{"rendered":"https:\/\/encuentroinformativo.com.mx\/?p=21592"},"modified":"2021-12-26T21:11:12","modified_gmt":"2021-12-27T03:11:12","slug":"detectan-productores-robo-hormiga-de-cafe","status":"publish","type":"post","link":"https:\/\/encuentroinformativo.com.mx\/?p=21592","title":{"rendered":"Detectan productores robo hormiga de caf\u00e9"},"content":{"rendered":"\n<p><strong>Juan Arcos<\/strong><\/p>\n\n\n\n<p>Xalapa, Ver.- Durante esta temporada de fin de a\u00f1o se han registrado m\u00e1s casos de robo \u201chormiga\u201d en los cultivos de caf\u00e9 que se encuentran cercanos a zonas urbanas del estado de Veracruz.<\/p>\n\n\n\n<p>El presidente del Consejo Regional del Caf\u00e9 de Coatepec, Cirio Ruiz Gonz\u00e1lez, indic\u00f3 que hay preocupaci\u00f3n entre los productores de Xico y Coatepec por dicha situaci\u00f3n.<\/p>\n\n\n\n<p>Incluso, se ha planteado realizar movilizaciones en la entidad pare exigir a las autoridades mayor seguridad y la protecci\u00f3n de su patrimonio.<\/p>\n\n\n\n<p>A su juicio, las da\u00f1os a causa del delito mencionado son \u201cincuantificables\u201d hasta este momento.<\/p>\n\n\n\n<p>\u201cLa cosecha es de regular a buena, los productores est\u00e1n muy preocupados porque hay inseguridad, estamos muy cerca de ciudades grandes como Xalapa, rodeados de zona urbana y c\u00f3mo hay mucha necesidad, pues hay problema en el caso de robos de caf\u00e9\u201d.<\/p>\n\n\n\n<p>Los productores acuden con sus familias a cortar caf\u00e9 hasta los d\u00edas s\u00e1bados y domingos para vigilar su cosecha y evitar que personas desconocidas la roben.<\/p>\n\n\n\n<p>\u201cEl llamado es a los productores para que est\u00e9n alertas porque tenemos que hacer el esfuerzo por acudir, en caso de que sea necesario, a una movilizaci\u00f3n\u201d, a\u00f1adi\u00f3 Ruiz Gonz\u00e1lez.<\/p>\n\n\n\n<p>El Presidente del Consejo Regional del Caf\u00e9 de Coatepec tambi\u00e9n pidi\u00f3 a los cafetaleros afectados que presenten su denuncia en la Fiscal\u00eda General del Estado (FGE).\u00a0<\/p>\n","protected":false},"excerpt":{"rendered":"<p>Juan Arcos Xalapa, Ver.- Durante esta temporada de fin de a\u00f1o se han registrado m\u00e1s casos de robo \u201chormiga\u201d en los cultivos de caf\u00e9 que se encuentran cercanos a zonas urbanas del estado de Veracruz. El presidente del Consejo Regional del Caf\u00e9 de Coatepec, Cirio Ruiz Gonz\u00e1lez, indic\u00f3 que hay preocupaci\u00f3n entre los productores de [&hellip;]<\/p>\n","protected":false},"author":1,"featured_media":21593,"comment_status":"open","ping_status":"open","sticky":false,"template":"","format":"standard","meta":{"_jetpack_memberships_contains_paid_content":false,"footnotes":""},"categories":[8],"tags":[],"class_list":["post-21592","post","type-post","status-publish","format-standard","has-post-thumbnail","hentry","category-region"],"jetpack_featured_media_url":"https:\/\/encuentroinformativo.com.mx\/wp-content\/uploads\/2021\/12\/CD78AB79-1375-4239-A970-4491AE137F1F.jpeg","jetpack_sharing_enabled":true,"jetpack_likes_enabled":true,"amp_enabled":true,"_links":{"self":[{"href":"https:\/\/encuentroinformativo.com.mx\/index.php?rest_route=\/wp\/v2\/posts\/21592","targetHints":{"allow":["GET"]}}],"collection":[{"href":"https:\/\/encuentroinformativo.com.mx\/index.php?rest_route=\/wp\/v2\/posts"}],"about":[{"href":"https:\/\/encuentroinformativo.com.mx\/index.php?rest_route=\/wp\/v2\/types\/post"}],"author":[{"embeddable":true,"href":"https:\/\/encuentroinformativo.com.mx\/index.php?rest_route=\/wp\/v2\/users\/1"}],"replies":[{"embeddable":true,"href":"https:\/\/encuentroinformativo.com.mx\/index.php?rest_route=%2Fwp%2Fv2%2Fcomments&post=21592"}],"version-history":[{"count":1,"href":"https:\/\/encuentroinformativo.com.mx\/index.php?rest_route=\/wp\/v2\/posts\/21592\/revisions"}],"predecessor-version":[{"id":21594,"href":"https:\/\/encuentroinformativo.com.mx\/index.php?rest_route=\/wp\/v2\/posts\/21592\/revisions\/21594"}],"wp:featuredmedia":[{"embeddable":true,"href":"https:\/\/encuentroinformativo.com.mx\/index.php?rest_route=\/wp\/v2\/media\/21593"}],"wp:attachment":[{"href":"https:\/\/encuentroinformativo.com.mx\/index.php?rest_route=%2Fwp%2Fv2%2Fmedia&parent=21592"}],"wp:term":[{"taxonomy":"category","embeddable":true,"href":"https:\/\/encuentroinformativo.com.mx\/index.php?rest_route=%2Fwp%2Fv2%2Fcategories&post=21592"},{"taxonomy":"post_tag","embeddable":true,"href":"https:\/\/encuentroinformativo.com.mx\/index.php?rest_route=%2Fwp%2Fv2%2Ftags&post=21592"}],"curies":[{"name":"wp","href":"https:\/\/api.w.org\/{rel}","templated":true}]}}