{"id":21597,"date":"2021-12-27T10:51:20","date_gmt":"2021-12-27T16:51:20","guid":{"rendered":"https:\/\/encuentroinformativo.com.mx\/?p=21597"},"modified":"2021-12-27T10:51:24","modified_gmt":"2021-12-27T16:51:24","slug":"reclaman-trabajadores-nombramientos-y-mejores-salarios-en-parques-y-jardines","status":"publish","type":"post","link":"https:\/\/encuentroinformativo.com.mx\/?p=21597","title":{"rendered":"Reclaman trabajadores nombramientos y mejores salarios en Parques y Jardines"},"content":{"rendered":"\n<p><strong>Juan Arcos<\/strong><\/p>\n\n\n\n<p>Xalapa, Ver.- Un peque\u00f1o grupo de trabajadores del \u00c1rea de Parques y Jardines del ayuntamiento de Xalapa protest\u00f3 y march\u00f3 en esta ciudad capital para exigir un nombramiento \u201cdefinitivo\u201d y con ello mejores salarios y prestaciones laborales.<\/p>\n\n\n\n<p>Los inconformes se concentraron en el Teatro del Estado \u201cIgnacio de la Llave\u201d y caminaron hacia Plaza Sebasti\u00e1n Lerdo de Tejada, donde hicieron una parada para solicitar la intervenci\u00f3n de autoridades estatales, y despu\u00e9s culminar su recorrido en Palacio Municipal.<\/p>\n\n\n\n<p>Se trata de siete empleados de contrato que alzaron la voz este lunes 27 de diciembre, toda vez que llevan 15 o hasta 17 a\u00f1os laborando en dicho departamento municipal y no han sido tomados en cuenta para dichos nombramientos.<\/p>\n\n\n\n<p>De acuerdo con Alfredo, quien omiti\u00f3 su nombre completo por temor a represalias, recientemente se sortearon los nombramientos de trabajadores \u201cdefinitivos\u201d, donde se benefici\u00f3 solo a personas que son parientes o amigos de los jefes del \u00e1rea.<\/p>\n\n\n\n<p>\u201cHay compa\u00f1eros que tienen 17, 16, 12 a\u00f1os esperando estos nombramientos y de forma no transparente los est\u00e1n otorgando, eso es lo que manifestamos y queremos que se nos aclare\u201d.<\/p>\n\n\n\n<p>Tambi\u00e9n mencion\u00f3 que han sido constantes las amenazas en su contra por parte de sus jefes directos respecto a que si se manifiestan ser\u00e1n despedidos por abandono de trabajo.<\/p>\n\n\n\n<p>\u201cVenimos aqu\u00ed caminando pero bajo la amenaza de nuestro jefe Nereo que dijo que nos vamos por un d\u00eda ca\u00eddo pero tambi\u00e9n por abandono de trabajo, eso no es cierto, porque ellos nos hicieron firmar tambi\u00e9n los siguientes d\u00edas y creo que eso no es justo\u201d.<\/p>\n\n\n\n<p>Los quejosos pidieron ser atendidos por autoridades del ayuntamiento de Xalapa para que sea solucionado el problema y dejen de firmar un contrato cada tres meses para acceder a un puesto de trabajo \u201cdefinitivo\u201d.<\/p>\n\n\n\n<figure class=\"wp-block-image size-large\"><img loading=\"lazy\" decoding=\"async\" width=\"1024\" height=\"768\" src=\"https:\/\/encuentroinformativo.com.mx\/wp-content\/uploads\/2021\/12\/6B6D7F59-BCF4-4473-BFE7-37FB61FC19DF-1024x768.jpeg\" alt=\"\" class=\"wp-image-21599\" srcset=\"https:\/\/encuentroinformativo.com.mx\/wp-content\/uploads\/2021\/12\/6B6D7F59-BCF4-4473-BFE7-37FB61FC19DF-1024x768.jpeg 1024w, https:\/\/encuentroinformativo.com.mx\/wp-content\/uploads\/2021\/12\/6B6D7F59-BCF4-4473-BFE7-37FB61FC19DF-300x225.jpeg 300w, https:\/\/encuentroinformativo.com.mx\/wp-content\/uploads\/2021\/12\/6B6D7F59-BCF4-4473-BFE7-37FB61FC19DF-768x576.jpeg 768w, https:\/\/encuentroinformativo.com.mx\/wp-content\/uploads\/2021\/12\/6B6D7F59-BCF4-4473-BFE7-37FB61FC19DF-1536x1152.jpeg 1536w, https:\/\/encuentroinformativo.com.mx\/wp-content\/uploads\/2021\/12\/6B6D7F59-BCF4-4473-BFE7-37FB61FC19DF.jpeg 1600w\" sizes=\"auto, (max-width: 1024px) 100vw, 1024px\" \/><\/figure>\n","protected":false},"excerpt":{"rendered":"<p>Juan Arcos Xalapa, Ver.- Un peque\u00f1o grupo de trabajadores del \u00c1rea de Parques y Jardines del ayuntamiento de Xalapa protest\u00f3 y march\u00f3 en esta ciudad capital para exigir un nombramiento \u201cdefinitivo\u201d y con ello mejores salarios y prestaciones laborales. Los inconformes se concentraron en el Teatro del Estado \u201cIgnacio de la Llave\u201d y caminaron hacia [&hellip;]<\/p>\n","protected":false},"author":1,"featured_media":21598,"comment_status":"open","ping_status":"open","sticky":false,"template":"","format":"standard","meta":{"_jetpack_memberships_contains_paid_content":false,"footnotes":""},"categories":[3],"tags":[],"class_list":["post-21597","post","type-post","status-publish","format-standard","has-post-thumbnail","hentry","category-xalapa"],"jetpack_featured_media_url":"https:\/\/encuentroinformativo.com.mx\/wp-content\/uploads\/2021\/12\/94CEBCB6-9CA0-49B1-B956-A873678F2AAE.jpeg","jetpack_sharing_enabled":true,"jetpack_likes_enabled":true,"amp_enabled":true,"_links":{"self":[{"href":"https:\/\/encuentroinformativo.com.mx\/index.php?rest_route=\/wp\/v2\/posts\/21597","targetHints":{"allow":["GET"]}}],"collection":[{"href":"https:\/\/encuentroinformativo.com.mx\/index.php?rest_route=\/wp\/v2\/posts"}],"about":[{"href":"https:\/\/encuentroinformativo.com.mx\/index.php?rest_route=\/wp\/v2\/types\/post"}],"author":[{"embeddable":true,"href":"https:\/\/encuentroinformativo.com.mx\/index.php?rest_route=\/wp\/v2\/users\/1"}],"replies":[{"embeddable":true,"href":"https:\/\/encuentroinformativo.com.mx\/index.php?rest_route=%2Fwp%2Fv2%2Fcomments&post=21597"}],"version-history":[{"count":1,"href":"https:\/\/encuentroinformativo.com.mx\/index.php?rest_route=\/wp\/v2\/posts\/21597\/revisions"}],"predecessor-version":[{"id":21600,"href":"https:\/\/encuentroinformativo.com.mx\/index.php?rest_route=\/wp\/v2\/posts\/21597\/revisions\/21600"}],"wp:featuredmedia":[{"embeddable":true,"href":"https:\/\/encuentroinformativo.com.mx\/index.php?rest_route=\/wp\/v2\/media\/21598"}],"wp:attachment":[{"href":"https:\/\/encuentroinformativo.com.mx\/index.php?rest_route=%2Fwp%2Fv2%2Fmedia&parent=21597"}],"wp:term":[{"taxonomy":"category","embeddable":true,"href":"https:\/\/encuentroinformativo.com.mx\/index.php?rest_route=%2Fwp%2Fv2%2Fcategories&post=21597"},{"taxonomy":"post_tag","embeddable":true,"href":"https:\/\/encuentroinformativo.com.mx\/index.php?rest_route=%2Fwp%2Fv2%2Ftags&post=21597"}],"curies":[{"name":"wp","href":"https:\/\/api.w.org\/{rel}","templated":true}]}}