{"id":21601,"date":"2021-12-27T11:46:26","date_gmt":"2021-12-27T17:46:26","guid":{"rendered":"https:\/\/encuentroinformativo.com.mx\/?p=21601"},"modified":"2021-12-27T11:46:29","modified_gmt":"2021-12-27T17:46:29","slug":"roban-mercancia-de-expositoras-en-bajos-del-ayuntamiento","status":"publish","type":"post","link":"https:\/\/encuentroinformativo.com.mx\/?p=21601","title":{"rendered":"Roban mercanc\u00eda de expositoras en bajos del Ayuntamiento"},"content":{"rendered":"\n<p><strong>Redacci\u00f3n\u00a0<\/strong><\/p>\n\n\n\n<p><strong>Xalapa, Ver.- <\/strong>Emprendedoras que exponen sus productos en los bajos del Palacio Municipal denunciaron el robo de sus mercanc\u00edas.\u00a0<\/p>\n\n\n\n<p>Motivo por el cual cuestionaron que a pesar de haber solicitado vigilancia por parte de las autoridades \u00e9stas no les han atendido.\u00a0<\/p>\n\n\n\n<p>As\u00ed lo coment\u00f3 Susana Fern\u00e1ndez P\u00e9rez coordinadora el grupo de Emprendimiento, quien dijo que fueron cinco las expositoras afectadas siendo la que sufri\u00f3 m\u00e1s p\u00e9rdidas una compa\u00f1era procedente de Oaxaca que comercializa ropa bordada.\u00a0<\/p>\n\n\n\n<p>Y aunque se\u00f1al\u00f3 que lograron atrapar al responsable y con ello podr\u00e1n recuperar su mercanc\u00eda, lament\u00f3 que se haya registrado el robo por falta de vigilancia de las autoridades.&nbsp;<\/p>\n\n\n\n<p>\u201cFuimos v\u00edctimas de robo como siempre la delincuencia afecta&#8230; hoy a las siete de la ma\u00f1ana nos est\u00e1n robando mercanc\u00eda con un valor de m\u00e1s de 15 mil pesos\u201d.<\/p>\n\n\n\n<p>Es muy lamentable -enfatiz\u00f3- que en pleno centro en un edificio de Ayuntamiento sucedan estas cosas.&nbsp;<\/p>\n\n\n\n<p>La mercanc\u00eda hurtada fue desde salsas, joyer\u00eda, ropa, entre otros.<\/p>\n\n\n\n<figure class=\"wp-block-image size-large\"><img loading=\"lazy\" decoding=\"async\" width=\"1024\" height=\"768\" src=\"https:\/\/encuentroinformativo.com.mx\/wp-content\/uploads\/2021\/12\/F04361D2-CC94-44FB-B743-B128ED5C1948-1024x768.jpeg\" alt=\"\" class=\"wp-image-21603\" srcset=\"https:\/\/encuentroinformativo.com.mx\/wp-content\/uploads\/2021\/12\/F04361D2-CC94-44FB-B743-B128ED5C1948-1024x768.jpeg 1024w, https:\/\/encuentroinformativo.com.mx\/wp-content\/uploads\/2021\/12\/F04361D2-CC94-44FB-B743-B128ED5C1948-300x225.jpeg 300w, https:\/\/encuentroinformativo.com.mx\/wp-content\/uploads\/2021\/12\/F04361D2-CC94-44FB-B743-B128ED5C1948-768x576.jpeg 768w, https:\/\/encuentroinformativo.com.mx\/wp-content\/uploads\/2021\/12\/F04361D2-CC94-44FB-B743-B128ED5C1948-1536x1152.jpeg 1536w, https:\/\/encuentroinformativo.com.mx\/wp-content\/uploads\/2021\/12\/F04361D2-CC94-44FB-B743-B128ED5C1948.jpeg 2016w\" sizes=\"auto, (max-width: 1024px) 100vw, 1024px\" \/><\/figure>\n","protected":false},"excerpt":{"rendered":"<p>Redacci\u00f3n\u00a0 Xalapa, Ver.- Emprendedoras que exponen sus productos en los bajos del Palacio Municipal denunciaron el robo de sus mercanc\u00edas.\u00a0 Motivo por el cual cuestionaron que a pesar de haber solicitado vigilancia por parte de las autoridades \u00e9stas no les han atendido.\u00a0 As\u00ed lo coment\u00f3 Susana Fern\u00e1ndez P\u00e9rez coordinadora el grupo de Emprendimiento, quien dijo [&hellip;]<\/p>\n","protected":false},"author":1,"featured_media":21602,"comment_status":"open","ping_status":"open","sticky":false,"template":"","format":"standard","meta":{"_jetpack_memberships_contains_paid_content":false,"footnotes":""},"categories":[3],"tags":[],"class_list":["post-21601","post","type-post","status-publish","format-standard","has-post-thumbnail","hentry","category-xalapa"],"jetpack_featured_media_url":"https:\/\/encuentroinformativo.com.mx\/wp-content\/uploads\/2021\/12\/8DDBB549-1A54-4CDB-A37B-18B0692ADE45.jpeg","jetpack_sharing_enabled":true,"jetpack_likes_enabled":true,"amp_enabled":true,"_links":{"self":[{"href":"https:\/\/encuentroinformativo.com.mx\/index.php?rest_route=\/wp\/v2\/posts\/21601","targetHints":{"allow":["GET"]}}],"collection":[{"href":"https:\/\/encuentroinformativo.com.mx\/index.php?rest_route=\/wp\/v2\/posts"}],"about":[{"href":"https:\/\/encuentroinformativo.com.mx\/index.php?rest_route=\/wp\/v2\/types\/post"}],"author":[{"embeddable":true,"href":"https:\/\/encuentroinformativo.com.mx\/index.php?rest_route=\/wp\/v2\/users\/1"}],"replies":[{"embeddable":true,"href":"https:\/\/encuentroinformativo.com.mx\/index.php?rest_route=%2Fwp%2Fv2%2Fcomments&post=21601"}],"version-history":[{"count":1,"href":"https:\/\/encuentroinformativo.com.mx\/index.php?rest_route=\/wp\/v2\/posts\/21601\/revisions"}],"predecessor-version":[{"id":21604,"href":"https:\/\/encuentroinformativo.com.mx\/index.php?rest_route=\/wp\/v2\/posts\/21601\/revisions\/21604"}],"wp:featuredmedia":[{"embeddable":true,"href":"https:\/\/encuentroinformativo.com.mx\/index.php?rest_route=\/wp\/v2\/media\/21602"}],"wp:attachment":[{"href":"https:\/\/encuentroinformativo.com.mx\/index.php?rest_route=%2Fwp%2Fv2%2Fmedia&parent=21601"}],"wp:term":[{"taxonomy":"category","embeddable":true,"href":"https:\/\/encuentroinformativo.com.mx\/index.php?rest_route=%2Fwp%2Fv2%2Fcategories&post=21601"},{"taxonomy":"post_tag","embeddable":true,"href":"https:\/\/encuentroinformativo.com.mx\/index.php?rest_route=%2Fwp%2Fv2%2Ftags&post=21601"}],"curies":[{"name":"wp","href":"https:\/\/api.w.org\/{rel}","templated":true}]}}