{"id":21617,"date":"2021-12-27T17:08:56","date_gmt":"2021-12-27T23:08:56","guid":{"rendered":"https:\/\/encuentroinformativo.com.mx\/?p=21617"},"modified":"2021-12-27T17:09:00","modified_gmt":"2021-12-27T23:09:00","slug":"protestan-en-pacho-a-favor-de-jose-manuel-n","status":"publish","type":"post","link":"https:\/\/encuentroinformativo.com.mx\/?p=21617","title":{"rendered":"Protestan en Pacho a favor de Jos\u00e9 Manuel \u201cN\u201d"},"content":{"rendered":"\n<p><strong>Juan Arcos<\/strong><\/p>\n\n\n\n<p>Xalapa, Ver.- Decenas de personas protestaron afuera del penal de Pacho Viejo, municipio de Coatepec, para exigir la liberaci\u00f3n de Jos\u00e9 Manuel \u201cN\u201d, funcionario del Senado de la Rep\u00fablica, se\u00f1alado como presunto responsable en el asesinato de Remigio Tovar Tovar, candidato de Movimiento Ciudadano (MC), a la alcald\u00eda de Cazones de Herrera.<\/p>\n\n\n\n<p>Entre un amplio operativo de seguridad, el imputado ingres\u00f3 las Salas de Juicios Orales con sede en dicho Centro de Reinserci\u00f3n Social (Cereso), para la segunda parte de la audiencia programada a las 15:00 horas de este lunes 27 de diciembre.<\/p>\n\n\n\n<p>La gente viaj\u00f3 en tres autobuses tur\u00edsticos desde el municipio de Papantla, ubicado en la zona norte del estado, para sumarse a las protestas que se han realizado y as\u00ed respaldar al colaborador del senador Ricardo Monreal \u00c1vila.<\/p>\n\n\n\n<p>En la entrada principal a los juzgados del reclusorio sostuvieron una lona con el mensaje: \u201cfuerza del R\u00edo, Papantla est\u00e1 contigo\u201d.<\/p>\n\n\n\n<p>En sus pancartas tambi\u00e9n se observaron consignas, como: \u201cjusticia para del R\u00edo\u201d, \u201cjuntos con Dante y Monreal\u201d y \u201cdel R\u00edo, preso pol\u00edtico\u201d.<\/p>\n\n\n\n<p>Se trat\u00f3 de familiares y amigos de Jos\u00e9 Manuel, quienes se presentaron en el sitio para brindarle apoyo moral, pues, aseguraron, que es una persona inocente que siempre ha trabajado por M\u00e9xico.<\/p>\n\n\n\n<p>\u201cEstamos todos sus amigos, todos sus familiares y solamente venimos a brindarle apoyo moral porque sabemos que es inocente, \u00edntegra\u201d, expresaron.<\/p>\n\n\n\n<p>La audiencia ante el juez de control contin\u00faa y las personas esperan afuera del penal de Pacho Viejo que Jos\u00e9 Manuel sea liberado en las pr\u00f3ximas horas.<\/p>\n\n\n\n<p>En el sitio tambi\u00e9n se encuentra el coordinador de la Comisi\u00f3n Operativa de MC en Veracruz, Sergio Gil Rull\u00e1n, quien se ha pronunciado para que su compa\u00f1ero de partido salga de prisi\u00f3n.<\/p>\n\n\n\n<p>De acuerdo con los abogados de Jos\u00e9 Manuel, el t\u00e9rmino constitucional vence el martes 28 de diciembre, fecha en que se tiene programada la audiencia de vinculaci\u00f3n a proceso.<\/p>\n\n\n\n<p>Cabe recordar que el Secretario T\u00e9cnico de la Junta de Coordinaci\u00f3n Pol\u00edtica (Jucopo) en el Senado de la Rep\u00fablica fue arrestado el pasado mi\u00e9rcoles 22 de diciembre sobre la carretera Cosamaloapan-Tuxtepec, en la zona sur de Veracruz.<\/p>\n\n\n\n<figure class=\"wp-block-image size-large\"><img loading=\"lazy\" decoding=\"async\" width=\"1024\" height=\"768\" src=\"https:\/\/encuentroinformativo.com.mx\/wp-content\/uploads\/2021\/12\/72BE237B-F384-4868-8CAD-DA7A7FF32367-1024x768.jpeg\" alt=\"\" class=\"wp-image-21619\" srcset=\"https:\/\/encuentroinformativo.com.mx\/wp-content\/uploads\/2021\/12\/72BE237B-F384-4868-8CAD-DA7A7FF32367-1024x768.jpeg 1024w, https:\/\/encuentroinformativo.com.mx\/wp-content\/uploads\/2021\/12\/72BE237B-F384-4868-8CAD-DA7A7FF32367-300x225.jpeg 300w, https:\/\/encuentroinformativo.com.mx\/wp-content\/uploads\/2021\/12\/72BE237B-F384-4868-8CAD-DA7A7FF32367-768x576.jpeg 768w, https:\/\/encuentroinformativo.com.mx\/wp-content\/uploads\/2021\/12\/72BE237B-F384-4868-8CAD-DA7A7FF32367-1536x1152.jpeg 1536w, https:\/\/encuentroinformativo.com.mx\/wp-content\/uploads\/2021\/12\/72BE237B-F384-4868-8CAD-DA7A7FF32367.jpeg 2016w\" sizes=\"auto, (max-width: 1024px) 100vw, 1024px\" \/><\/figure>\n","protected":false},"excerpt":{"rendered":"<p>Juan Arcos Xalapa, Ver.- Decenas de personas protestaron afuera del penal de Pacho Viejo, municipio de Coatepec, para exigir la liberaci\u00f3n de Jos\u00e9 Manuel \u201cN\u201d, funcionario del Senado de la Rep\u00fablica, se\u00f1alado como presunto responsable en el asesinato de Remigio Tovar Tovar, candidato de Movimiento Ciudadano (MC), a la alcald\u00eda de Cazones de Herrera. Entre [&hellip;]<\/p>\n","protected":false},"author":1,"featured_media":21618,"comment_status":"open","ping_status":"open","sticky":false,"template":"","format":"standard","meta":{"_jetpack_memberships_contains_paid_content":false,"footnotes":""},"categories":[8],"tags":[],"class_list":["post-21617","post","type-post","status-publish","format-standard","has-post-thumbnail","hentry","category-region"],"jetpack_featured_media_url":"https:\/\/encuentroinformativo.com.mx\/wp-content\/uploads\/2021\/12\/3E50E5A8-7506-4B12-89AC-BDC2C767FBFD.jpeg","jetpack_sharing_enabled":true,"jetpack_likes_enabled":true,"amp_enabled":true,"_links":{"self":[{"href":"https:\/\/encuentroinformativo.com.mx\/index.php?rest_route=\/wp\/v2\/posts\/21617","targetHints":{"allow":["GET"]}}],"collection":[{"href":"https:\/\/encuentroinformativo.com.mx\/index.php?rest_route=\/wp\/v2\/posts"}],"about":[{"href":"https:\/\/encuentroinformativo.com.mx\/index.php?rest_route=\/wp\/v2\/types\/post"}],"author":[{"embeddable":true,"href":"https:\/\/encuentroinformativo.com.mx\/index.php?rest_route=\/wp\/v2\/users\/1"}],"replies":[{"embeddable":true,"href":"https:\/\/encuentroinformativo.com.mx\/index.php?rest_route=%2Fwp%2Fv2%2Fcomments&post=21617"}],"version-history":[{"count":1,"href":"https:\/\/encuentroinformativo.com.mx\/index.php?rest_route=\/wp\/v2\/posts\/21617\/revisions"}],"predecessor-version":[{"id":21620,"href":"https:\/\/encuentroinformativo.com.mx\/index.php?rest_route=\/wp\/v2\/posts\/21617\/revisions\/21620"}],"wp:featuredmedia":[{"embeddable":true,"href":"https:\/\/encuentroinformativo.com.mx\/index.php?rest_route=\/wp\/v2\/media\/21618"}],"wp:attachment":[{"href":"https:\/\/encuentroinformativo.com.mx\/index.php?rest_route=%2Fwp%2Fv2%2Fmedia&parent=21617"}],"wp:term":[{"taxonomy":"category","embeddable":true,"href":"https:\/\/encuentroinformativo.com.mx\/index.php?rest_route=%2Fwp%2Fv2%2Fcategories&post=21617"},{"taxonomy":"post_tag","embeddable":true,"href":"https:\/\/encuentroinformativo.com.mx\/index.php?rest_route=%2Fwp%2Fv2%2Ftags&post=21617"}],"curies":[{"name":"wp","href":"https:\/\/api.w.org\/{rel}","templated":true}]}}