{"id":2162,"date":"2020-04-28T11:39:21","date_gmt":"2020-04-28T16:39:21","guid":{"rendered":"https:\/\/encuentroinformativo.com\/?p=2162"},"modified":"2020-04-28T11:39:23","modified_gmt":"2020-04-28T16:39:23","slug":"despues-de-la-pandemia","status":"publish","type":"post","link":"https:\/\/encuentroinformativo.com.mx\/?p=2162","title":{"rendered":"Despu\u00e9s de la pandemia&#8230;"},"content":{"rendered":"\n<p><strong>Los Pol\u00edticos<\/strong><\/p>\n\n\n\n<p><strong>Salvador Mu\u00f1oz<\/strong><\/p>\n\n\n\n<p>Imagine el lector el siguiente escenario y trasl\u00e1dese a finales de marzo pasado, cuando inici\u00f3 esta cuarentena que se prolonga un mes m\u00e1s: Tras el anuncio del #QuedateEnCasa cada veracruzano bien nacido en esta tierra santa de Dios acat\u00f3 no s\u00f3lo esa recomendaci\u00f3n, sino igual las otras disposiciones del santo var\u00f3n Hugo L\u00f3pez Gatell, como el lavado de manos constantemente, el evitar el contacto directo con las personas con el #SusanaDistancia; no acudir a lugares donde haya concentraci\u00f3n masiva de personas, el uso de cubrebocas y un largo etc\u00e9tera\u2026 por favor, mantenga la imaginaci\u00f3n y v\u00e1monos a mediados de junio con un anuncio de las autoridades federales: \u00a1acaba la cuarentena prolongada! \u00a1y gracias a los buenos oficios de los veracruzanos aplicados, el n\u00famero de decesos no rebasar\u00eda ni los 20 en la entidad! \u00bfCu\u00e1l ser\u00eda su primera reacci\u00f3n?<\/p>\n\n\n\n<p>a.- \u00bfSalir a saludar a sus otros familiares a los que no pudo ver durante el aislamiento social?<\/p>\n\n\n\n<p>b.- \u00bfSalir a comer con su familia a un restaurante, puesto de tacos o similar para olvidarse un poco del saz\u00f3n enclaustrado?<\/p>\n\n\n\n<p>c.- \u00bfIntentar hacer su vida normal y reactivarse de nuevo en su empleo?<\/p>\n\n\n\n<p>Si acaso respondi\u00f3 A o B, he de presumir que su empleo es lo que menos le preocupa porque de seguro, es de los afortunados que cuenta con un sueldo base cada quince d\u00edas\u2026 y entonces, cuando llegue a su oficina, desperdigar\u00e1 becho, abacho y apapacho a diestra y siniestra y har\u00e1 la pregunta molesta: \u201c\u00a1no manches! tanto para 20 muertos!\u201d<\/p>\n\n\n\n<p>Pero vayamos a otro punto. Le cambio el escenario de la pregunta C y le pongo:<br>c.- \u00bfIntentar hacer su vida normal y reactivarse de nuevo en su empleo o buscar un nuevo trabajo porque fue despedido en el lapso pandemiol\u00f3gico?<\/p>\n\n\n\n<p>Es entonces que si su respuesta se ubica en la C, es de las personas que esperan que la empresa donde trabaja, abra para intentar de nuevo, reactivar el engranaje econ\u00f3mico; que la mitad del sueldo que le pagaban, en la primera quincena, ya sea completo\u2026 o en el peor de los casos, empezar a tocar puertas con curriculum en mano, buscando reincorporarse a la vida productiva de la entidad\u2026 y entonces, quiz\u00e1s en la intimidad de su casa, en la intimidad con los amigos en la misma situaci\u00f3n, haga la pregunta molesta: \u201c\u00a1No manches! tantos empleos perdidos, tantas empresas cerradas, tanta crisis agudizada, para tan pocos muertos!\u201d<\/p>\n\n\n\n<p>Parece humor negro, pero no lo es\u2026 es un escenario hipot\u00e9tico pero tratado desde la \u00f3ptica actual, donde un Gobierno abandon\u00f3 a la clase media, al emprendedor, al empresario y por ende, al empleado que muchas veces, apenas le alcanza el sueldo base y sobrevive con las propinas o las comisiones por venta\u2026<\/p>\n\n\n\n<p>Para fortuna del Gobierno (tanto estatal como federal), el vuelo de nuestra imaginaci\u00f3n es sumamente imposible gracias a que a muchos veracruzanos les vale madre las recomendaciones del sector Salud\u2026 lo que no es imposible para nada, es el futuro a mediano plazo que se avecina para empresarios que si no despidieron a sus empleados, los mantuvieron con sueldo completo, a medio sueldo o con la promesa de reincorporarlos a su labor una vez pasada la pandemia; los que quiz\u00e1s pagaron rentas, gas, luz, Seguro Social, adem\u00e1s de otros impuestos, lo que casi los obliga a empezar de cero\u2026 como tampoco ser\u00e1 imposible el escenario que le espera al empleado, tron\u00e1ndose los dedos en espera de que las puertas de su lugar de trabajo sean cruzadas por clientes a sabiendas de que la reactivaci\u00f3n econ\u00f3mica no se hace de la noche a la ma\u00f1ana, \u00a1ups! pero eso lo sabe el empresario, el que paga impuestos, el que trabaja, el que gana un sueldo, no un tipo que apuesta a mantener a los pobres, pobres, porque si no, se le acaba su negocio\u2026<\/p>\n\n\n\n<p>En fin\u2026 ya nada m\u00e1s para terminar, una pregunta con el vuelo de la imaginaci\u00f3n con que abrimos esta opini\u00f3n: Si al Gobierno no le convienen pocos muertos\u2026 \u00bfle ayudar\u00eda muchos muertos? Conste, la pregunta est\u00e1 sustentada en un escenario recreado en la imaginaci\u00f3n, no porque as\u00ed sea, se quiera o se espera\u2026<br><\/p>\n\n\n\n<p><a href=\"mailto:smcainito@gmail.com\" target=\"_blank\" rel=\"noreferrer noopener\">smcainito@gmail.com<\/a><\/p>\n","protected":false},"excerpt":{"rendered":"<p>Los Pol\u00edticos Salvador Mu\u00f1oz Imagine el lector el siguiente escenario y trasl\u00e1dese a finales de marzo pasado, cuando inici\u00f3 esta cuarentena que se prolonga un mes m\u00e1s: Tras el anuncio del #QuedateEnCasa cada veracruzano bien nacido en esta tierra santa de Dios acat\u00f3 no s\u00f3lo esa recomendaci\u00f3n, sino igual las otras disposiciones del santo var\u00f3n [&hellip;]<\/p>\n","protected":false},"author":1,"featured_media":70,"comment_status":"open","ping_status":"open","sticky":false,"template":"","format":"standard","meta":{"_jetpack_memberships_contains_paid_content":false,"footnotes":""},"categories":[11],"tags":[],"class_list":["post-2162","post","type-post","status-publish","format-standard","has-post-thumbnail","hentry","category-opinion"],"jetpack_featured_media_url":"https:\/\/encuentroinformativo.com.mx\/wp-content\/uploads\/2020\/02\/opinion-invitado.jpg","jetpack_sharing_enabled":true,"jetpack_likes_enabled":true,"amp_enabled":true,"_links":{"self":[{"href":"https:\/\/encuentroinformativo.com.mx\/index.php?rest_route=\/wp\/v2\/posts\/2162","targetHints":{"allow":["GET"]}}],"collection":[{"href":"https:\/\/encuentroinformativo.com.mx\/index.php?rest_route=\/wp\/v2\/posts"}],"about":[{"href":"https:\/\/encuentroinformativo.com.mx\/index.php?rest_route=\/wp\/v2\/types\/post"}],"author":[{"embeddable":true,"href":"https:\/\/encuentroinformativo.com.mx\/index.php?rest_route=\/wp\/v2\/users\/1"}],"replies":[{"embeddable":true,"href":"https:\/\/encuentroinformativo.com.mx\/index.php?rest_route=%2Fwp%2Fv2%2Fcomments&post=2162"}],"version-history":[{"count":1,"href":"https:\/\/encuentroinformativo.com.mx\/index.php?rest_route=\/wp\/v2\/posts\/2162\/revisions"}],"predecessor-version":[{"id":2163,"href":"https:\/\/encuentroinformativo.com.mx\/index.php?rest_route=\/wp\/v2\/posts\/2162\/revisions\/2163"}],"wp:featuredmedia":[{"embeddable":true,"href":"https:\/\/encuentroinformativo.com.mx\/index.php?rest_route=\/wp\/v2\/media\/70"}],"wp:attachment":[{"href":"https:\/\/encuentroinformativo.com.mx\/index.php?rest_route=%2Fwp%2Fv2%2Fmedia&parent=2162"}],"wp:term":[{"taxonomy":"category","embeddable":true,"href":"https:\/\/encuentroinformativo.com.mx\/index.php?rest_route=%2Fwp%2Fv2%2Fcategories&post=2162"},{"taxonomy":"post_tag","embeddable":true,"href":"https:\/\/encuentroinformativo.com.mx\/index.php?rest_route=%2Fwp%2Fv2%2Ftags&post=2162"}],"curies":[{"name":"wp","href":"https:\/\/api.w.org\/{rel}","templated":true}]}}