{"id":21621,"date":"2021-12-27T18:49:41","date_gmt":"2021-12-28T00:49:41","guid":{"rendered":"https:\/\/encuentroinformativo.com.mx\/?p=21621"},"modified":"2021-12-27T18:49:45","modified_gmt":"2021-12-28T00:49:45","slug":"se-realizara-obra-publica-desde-el-primer-dia-ahued","status":"publish","type":"post","link":"https:\/\/encuentroinformativo.com.mx\/?p=21621","title":{"rendered":"Se realizar\u00e1 Obra P\u00fablica desde el primer d\u00eda: Ahued"},"content":{"rendered":"\n<p>Xalapa, Ver.- El alcalde electo de Xalapa, Ricardo Ahued Bardahuil, coment\u00f3 que absorber\u00e1 el total del gasto de su toma de protesta, de modo que el recurso que la actual administraci\u00f3n reserv\u00f3 para dicho evento se pueda utilizar en la reparaci\u00f3n de las losas de pavimento y las fugas de agua de la calle de Ju\u00e1rez.<\/p>\n\n\n\n<p>\u201cEn vez de que yo tenga un evento para un ratito y se tire ese dinero a la basura, vamos a pavimentar Ju\u00e1rez\u201d, indic\u00f3.<\/p>\n\n\n\n<p>Dio a conocer adem\u00e1s, que el 3 de enero de 2022, primer d\u00eda h\u00e1bil de su administraci\u00f3n, iniciar\u00e1 la pavimentaci\u00f3n del primero de seis kil\u00f3metros con concreto donado.<\/p>\n\n\n\n<p>Se\u00f1al\u00f3 que antes de llegar a su oficina en el Palacio Municipal, dar\u00e1 el banderazo de las primeras ollas de concreto de donaci\u00f3n para dicha obra, en la que el ayuntamiento participar\u00e1 como responsable de la supervisi\u00f3n t\u00e9cnica.<\/p>\n\n\n\n<p>Ahued Bardahuil enfatiz\u00f3 que, ante la inflaci\u00f3n en los insumos para obra p\u00fablica, su administraci\u00f3n deber\u00e1 ser creativa, honesta y transparente en el manejo de los recursos; \u201cque no haya sobrecostos por corrupci\u00f3n ni malos manejos, para que alcance para m\u00e1s\u201d, puntualiz\u00f3.<\/p>\n\n\n\n<p>Asegur\u00f3 sentirse tranquilo, toda vez que el Gobernador del Estado, Cuitl\u00e1huac Garc\u00eda Jim\u00e9nez, ratific\u00f3 su apoyo al ayuntamiento xalape\u00f1o al destinar casi 400 millones de inversi\u00f3n en su Programa Operativo Anual (POA) para Xalapa.<\/p>\n\n\n\n<p>En ese sentido, dijo que el gobernador reiter\u00f3 su apoyo para los proyectos que excedan la capacidad municipal; como el colector Coatzacoalcos, que requiere de una inversi\u00f3n de 90 millones de pesos, as\u00ed como la colocaci\u00f3n del concreto hidr\u00e1ulico en L\u00e1zaro C\u00e1rdenas, que se llevar\u00e1 a cabo por medio de la Secretar\u00eda de Infraestructura y Obras P\u00fablicas (SIOP) .<\/p>\n\n\n\n<p>Finalmente, Ricardo Ahued Bardahuil afirm\u00f3 sentirse muy entusiasmado de estar al frente, por segunda vez, de la administraci\u00f3n municipal de Xalapa.<\/p>\n\n\n\n<p>\u201cVamos a poner todo de nuestra parte para que Xalapa recobre la calidad de capital del estado, con la belleza, con las flores, con las obras p\u00fablicas necesarias. Hay mucho por hacer y voy a dedicar a Xalapa lo que me quede de tiempo y fuerza\u201d, recalc\u00f3.<\/p>\n","protected":false},"excerpt":{"rendered":"<p>Xalapa, Ver.- El alcalde electo de Xalapa, Ricardo Ahued Bardahuil, coment\u00f3 que absorber\u00e1 el total del gasto de su toma de protesta, de modo que el recurso que la actual administraci\u00f3n reserv\u00f3 para dicho evento se pueda utilizar en la reparaci\u00f3n de las losas de pavimento y las fugas de agua de la calle de [&hellip;]<\/p>\n","protected":false},"author":1,"featured_media":21622,"comment_status":"open","ping_status":"open","sticky":false,"template":"","format":"standard","meta":{"_jetpack_memberships_contains_paid_content":false,"footnotes":""},"categories":[3],"tags":[],"class_list":["post-21621","post","type-post","status-publish","format-standard","has-post-thumbnail","hentry","category-xalapa"],"jetpack_featured_media_url":"https:\/\/encuentroinformativo.com.mx\/wp-content\/uploads\/2021\/12\/07C2CC86-CF5E-4247-A2E7-6D767462391A.jpeg","jetpack_sharing_enabled":true,"jetpack_likes_enabled":true,"amp_enabled":true,"_links":{"self":[{"href":"https:\/\/encuentroinformativo.com.mx\/index.php?rest_route=\/wp\/v2\/posts\/21621","targetHints":{"allow":["GET"]}}],"collection":[{"href":"https:\/\/encuentroinformativo.com.mx\/index.php?rest_route=\/wp\/v2\/posts"}],"about":[{"href":"https:\/\/encuentroinformativo.com.mx\/index.php?rest_route=\/wp\/v2\/types\/post"}],"author":[{"embeddable":true,"href":"https:\/\/encuentroinformativo.com.mx\/index.php?rest_route=\/wp\/v2\/users\/1"}],"replies":[{"embeddable":true,"href":"https:\/\/encuentroinformativo.com.mx\/index.php?rest_route=%2Fwp%2Fv2%2Fcomments&post=21621"}],"version-history":[{"count":1,"href":"https:\/\/encuentroinformativo.com.mx\/index.php?rest_route=\/wp\/v2\/posts\/21621\/revisions"}],"predecessor-version":[{"id":21623,"href":"https:\/\/encuentroinformativo.com.mx\/index.php?rest_route=\/wp\/v2\/posts\/21621\/revisions\/21623"}],"wp:featuredmedia":[{"embeddable":true,"href":"https:\/\/encuentroinformativo.com.mx\/index.php?rest_route=\/wp\/v2\/media\/21622"}],"wp:attachment":[{"href":"https:\/\/encuentroinformativo.com.mx\/index.php?rest_route=%2Fwp%2Fv2%2Fmedia&parent=21621"}],"wp:term":[{"taxonomy":"category","embeddable":true,"href":"https:\/\/encuentroinformativo.com.mx\/index.php?rest_route=%2Fwp%2Fv2%2Fcategories&post=21621"},{"taxonomy":"post_tag","embeddable":true,"href":"https:\/\/encuentroinformativo.com.mx\/index.php?rest_route=%2Fwp%2Fv2%2Ftags&post=21621"}],"curies":[{"name":"wp","href":"https:\/\/api.w.org\/{rel}","templated":true}]}}