{"id":21626,"date":"2021-12-28T10:25:21","date_gmt":"2021-12-28T16:25:21","guid":{"rendered":"https:\/\/encuentroinformativo.com.mx\/?p=21626"},"modified":"2021-12-28T10:25:24","modified_gmt":"2021-12-28T16:25:24","slug":"se-extiende-audiencia-de-jose-manuel-n","status":"publish","type":"post","link":"https:\/\/encuentroinformativo.com.mx\/?p=21626","title":{"rendered":"Se extiende audiencia de Jos\u00e9 Manuel \u201cN\u201d"},"content":{"rendered":"\n<p><strong>Juan Arcos<\/strong><\/p>\n\n\n\n<p>Coatepec, Ver.- M\u00e1s de nueve horas se prolong\u00f3 la audiencia ante un juez de control donde se definir\u00eda la situaci\u00f3n legal de Jos\u00e9 Manuel \u201cN\u201d, funcionario del Senado de la Rep\u00fablica, detenido en Veracruz por su presunta responsabilidad en el asesinato de Remigio Tovar Tovar, candidato de Movimiento Ciudadano (MC) a la alcald\u00eda de Cazones de Herrera.<\/p>\n\n\n\n<p>La audiencia estaba programada a las 15:00 horas del lunes 27 de diciembre en las salas de juicios orales con sede en el penal de Pacho Viejo, municipio de Coatepec, donde protestaron familiares y amigos para exigir su liberaci\u00f3n.<\/p>\n\n\n\n<p>Cabe recordar que el Secretario T\u00e9cnico de la Junta de Coordinaci\u00f3n Pol\u00edtica (Jucopo), que preside el senador Ricardo Monreal \u00c1vila, fue arrestado el pasado mi\u00e9rcoles 22 de diciembre sobre la carretera Cosamalopan-Tuxtepec, al sur de la entidad.<\/p>\n\n\n\n<p>El l\u00edder estatal de MC, Sergio Gil Rull\u00e1n, particip\u00f3 como testigo en el caso y critic\u00f3 que el alcalde electo suplente de Cazones de Herrera, Miguel \u00c1ngel Uribe Toral, quien reci\u00e9n se sum\u00f3 a las filas del partido Movimiento de Regeneraci\u00f3n Nacional (Morena), no se haya presentado para dar su versi\u00f3n de los hechos, lo que a su parecer resulta sospechoso.<\/p>\n\n\n\n<p>\u201cLa vida me ha ense\u00f1ado que muy dif\u00edcilmente te pone la misma oportunidad dos veces de frente y este es el caso muy extra\u00f1o, donde \u00e9l no est\u00e1 aqu\u00ed declarando y estamos todos los dem\u00e1s, \u00e9l se fue y est\u00e1 all\u00e1 con los que est\u00e1n en el gobierno, por qu\u00e9 ser\u00e1 as\u00ed, si quien gan\u00f3 fue Remigio que luchaba contra el gobierno estatal\u201d, expres\u00f3.<\/p>\n\n\n\n<p>Coment\u00f3 que Jos\u00e9 Manuel fue se\u00f1alado por la Fiscal\u00eda General del Estado (FGE) como responsable de la designaci\u00f3n de Omar Ram\u00edrez Fuentes como suplente de Remigio Tovar, quien est\u00e1 actualmente detenido por su probable participaci\u00f3n en el homicidio de Remigio Tovar.<\/p>\n\n\n\n<p>Sin embargo, aclar\u00f3 que no fue el colaborador del senador Ricardo Monreal \u00c1vila quien tom\u00f3 la decisi\u00f3n para la asignaci\u00f3n de la candidatura suplente, sino la Comisi\u00f3n Nacional de Candidaturas del partido Movimiento Ciudadano.<\/p>\n\n\n\n<p>Las personas que protestaron afuera del penal se retiraron despu\u00e9s de las 23:15 horas de este lunes, debido a que la audiencia fue tediosa y repetitiva.<\/p>\n\n\n\n<p>En un comunicado, la Comisi\u00f3n Nacional de Derechos Humanos (CNDH) inform\u00f3 que atrajo el caso de la detenci\u00f3n de Jos\u00e9 Manuel para revisarlo y fijar una postura en caso de que hayan sido violentados los derechos humanos del imputado.<\/p>\n\n\n\n<p>Lo anterior, debido a que, en d\u00edas pasados, la CNDH recibi\u00f3 una solicitud de intervenci\u00f3n emitida por familiares del exdiputado federal, quienes se\u00f1alaron que existieron anomal\u00edas en su detenci\u00f3n que deben ser investigadas con total imparcialidad.<\/p>\n\n\n\n<p>\u00d3scar del R\u00edo, hijo del detenido, consider\u00f3 que su padre es inocente y conf\u00eda en que se har\u00e1 justicia en el caso, por lo que podr\u00eda ser liberado en las pr\u00f3ximas horas, debido a la falta de elementos de prueba por parte de la Fiscal\u00eda General del Estado.<\/p>\n","protected":false},"excerpt":{"rendered":"<p>Juan Arcos Coatepec, Ver.- M\u00e1s de nueve horas se prolong\u00f3 la audiencia ante un juez de control donde se definir\u00eda la situaci\u00f3n legal de Jos\u00e9 Manuel \u201cN\u201d, funcionario del Senado de la Rep\u00fablica, detenido en Veracruz por su presunta responsabilidad en el asesinato de Remigio Tovar Tovar, candidato de Movimiento Ciudadano (MC) a la alcald\u00eda [&hellip;]<\/p>\n","protected":false},"author":1,"featured_media":21627,"comment_status":"open","ping_status":"open","sticky":false,"template":"","format":"standard","meta":{"_jetpack_memberships_contains_paid_content":false,"footnotes":""},"categories":[8],"tags":[],"class_list":["post-21626","post","type-post","status-publish","format-standard","has-post-thumbnail","hentry","category-region"],"jetpack_featured_media_url":"https:\/\/encuentroinformativo.com.mx\/wp-content\/uploads\/2021\/12\/7FD94009-7FA8-40F0-A045-6631E71007B3.jpeg","jetpack_sharing_enabled":true,"jetpack_likes_enabled":true,"amp_enabled":true,"_links":{"self":[{"href":"https:\/\/encuentroinformativo.com.mx\/index.php?rest_route=\/wp\/v2\/posts\/21626","targetHints":{"allow":["GET"]}}],"collection":[{"href":"https:\/\/encuentroinformativo.com.mx\/index.php?rest_route=\/wp\/v2\/posts"}],"about":[{"href":"https:\/\/encuentroinformativo.com.mx\/index.php?rest_route=\/wp\/v2\/types\/post"}],"author":[{"embeddable":true,"href":"https:\/\/encuentroinformativo.com.mx\/index.php?rest_route=\/wp\/v2\/users\/1"}],"replies":[{"embeddable":true,"href":"https:\/\/encuentroinformativo.com.mx\/index.php?rest_route=%2Fwp%2Fv2%2Fcomments&post=21626"}],"version-history":[{"count":1,"href":"https:\/\/encuentroinformativo.com.mx\/index.php?rest_route=\/wp\/v2\/posts\/21626\/revisions"}],"predecessor-version":[{"id":21628,"href":"https:\/\/encuentroinformativo.com.mx\/index.php?rest_route=\/wp\/v2\/posts\/21626\/revisions\/21628"}],"wp:featuredmedia":[{"embeddable":true,"href":"https:\/\/encuentroinformativo.com.mx\/index.php?rest_route=\/wp\/v2\/media\/21627"}],"wp:attachment":[{"href":"https:\/\/encuentroinformativo.com.mx\/index.php?rest_route=%2Fwp%2Fv2%2Fmedia&parent=21626"}],"wp:term":[{"taxonomy":"category","embeddable":true,"href":"https:\/\/encuentroinformativo.com.mx\/index.php?rest_route=%2Fwp%2Fv2%2Fcategories&post=21626"},{"taxonomy":"post_tag","embeddable":true,"href":"https:\/\/encuentroinformativo.com.mx\/index.php?rest_route=%2Fwp%2Fv2%2Ftags&post=21626"}],"curies":[{"name":"wp","href":"https:\/\/api.w.org\/{rel}","templated":true}]}}