{"id":21634,"date":"2021-12-28T13:04:03","date_gmt":"2021-12-28T19:04:03","guid":{"rendered":"https:\/\/encuentroinformativo.com.mx\/?p=21634"},"modified":"2021-12-28T13:04:06","modified_gmt":"2021-12-28T19:04:06","slug":"por-concluir-plazo-para-verificacion-vehicular","status":"publish","type":"post","link":"https:\/\/encuentroinformativo.com.mx\/?p=21634","title":{"rendered":"Por concluir plazo para verificaci\u00f3n vehicular"},"content":{"rendered":"\n<p><strong>Juan Arcos<\/strong><\/p>\n\n\n\n<p>Xalapa, Ver.- Concesionarios de centros de verificaci\u00f3n en Veracruz alertaron que el pr\u00f3ximo viernes 31 de diciembre vence el plazo para la verificaci\u00f3n vehicular.<\/p>\n\n\n\n<p>De acuerdo con el l\u00edder de la Uni\u00f3n de Concesionarios de Centros de Verificaci\u00f3n del Estado de Veracruz, Eduardo Mario Casares Sort de Sans, los propietarios de veh\u00edculos que no cumplan con dicho requisito ser\u00e1n acreedores a multas.<\/p>\n\n\n\n<p>El entrevistado record\u00f3 que en la entidad hay un mill\u00f3n 800 mil autom\u00f3viles registrados ante la Secretar\u00eda de Finanzas y Planeaci\u00f3n (Sefiplan).<\/p>\n\n\n\n<p>Las sanciones econ\u00f3micas alcanzar\u00edan los mil 250 pesos y ser\u00edan aplicadas a partir del 1 de enero.<\/p>\n\n\n\n<p>&#8220;El gobernador Cuitl\u00e1huac Garc\u00eda Jim\u00e9nez inform\u00f3 a los automovilistas de realizar su verificaci\u00f3n de forma normal. Deben de llevar su veh\u00edculo en excelente estado para que no tengan alg\u00fan rechazo por parte del equipo con que se verifica\u201d, expres\u00f3.<\/p>\n\n\n\n<p>Cabe mencionar que la Direcci\u00f3n de Tr\u00e1nsito y Seguridad Vial tiene indicaciones de trasladar al corral\u00f3n a los veh\u00edculos que no cuenten con la verificaci\u00f3n.<\/p>\n\n\n\n<p>Sin embargo, hasta el momento, no todos los automovilistas han cumplido con dicho requisito.<\/p>\n\n\n\n<p>Casares Sort de Sans record\u00f3 que en gobiernos pasados no se lograba que el 20 por ciento del padr\u00f3n vehicular asistiera a verificar; sin embargo, este a\u00f1o se espera alcanzar un 40 por ciento.<\/p>\n","protected":false},"excerpt":{"rendered":"<p>Juan Arcos Xalapa, Ver.- Concesionarios de centros de verificaci\u00f3n en Veracruz alertaron que el pr\u00f3ximo viernes 31 de diciembre vence el plazo para la verificaci\u00f3n vehicular. De acuerdo con el l\u00edder de la Uni\u00f3n de Concesionarios de Centros de Verificaci\u00f3n del Estado de Veracruz, Eduardo Mario Casares Sort de Sans, los propietarios de veh\u00edculos que [&hellip;]<\/p>\n","protected":false},"author":1,"featured_media":21635,"comment_status":"open","ping_status":"open","sticky":false,"template":"","format":"standard","meta":{"_jetpack_memberships_contains_paid_content":false,"footnotes":""},"categories":[2],"tags":[],"class_list":["post-21634","post","type-post","status-publish","format-standard","has-post-thumbnail","hentry","category-estado"],"jetpack_featured_media_url":"https:\/\/encuentroinformativo.com.mx\/wp-content\/uploads\/2021\/12\/3674EE71-43B0-445C-9DDD-B210D410A12B.jpeg","jetpack_sharing_enabled":true,"jetpack_likes_enabled":true,"amp_enabled":true,"_links":{"self":[{"href":"https:\/\/encuentroinformativo.com.mx\/index.php?rest_route=\/wp\/v2\/posts\/21634","targetHints":{"allow":["GET"]}}],"collection":[{"href":"https:\/\/encuentroinformativo.com.mx\/index.php?rest_route=\/wp\/v2\/posts"}],"about":[{"href":"https:\/\/encuentroinformativo.com.mx\/index.php?rest_route=\/wp\/v2\/types\/post"}],"author":[{"embeddable":true,"href":"https:\/\/encuentroinformativo.com.mx\/index.php?rest_route=\/wp\/v2\/users\/1"}],"replies":[{"embeddable":true,"href":"https:\/\/encuentroinformativo.com.mx\/index.php?rest_route=%2Fwp%2Fv2%2Fcomments&post=21634"}],"version-history":[{"count":1,"href":"https:\/\/encuentroinformativo.com.mx\/index.php?rest_route=\/wp\/v2\/posts\/21634\/revisions"}],"predecessor-version":[{"id":21636,"href":"https:\/\/encuentroinformativo.com.mx\/index.php?rest_route=\/wp\/v2\/posts\/21634\/revisions\/21636"}],"wp:featuredmedia":[{"embeddable":true,"href":"https:\/\/encuentroinformativo.com.mx\/index.php?rest_route=\/wp\/v2\/media\/21635"}],"wp:attachment":[{"href":"https:\/\/encuentroinformativo.com.mx\/index.php?rest_route=%2Fwp%2Fv2%2Fmedia&parent=21634"}],"wp:term":[{"taxonomy":"category","embeddable":true,"href":"https:\/\/encuentroinformativo.com.mx\/index.php?rest_route=%2Fwp%2Fv2%2Fcategories&post=21634"},{"taxonomy":"post_tag","embeddable":true,"href":"https:\/\/encuentroinformativo.com.mx\/index.php?rest_route=%2Fwp%2Fv2%2Ftags&post=21634"}],"curies":[{"name":"wp","href":"https:\/\/api.w.org\/{rel}","templated":true}]}}