{"id":21641,"date":"2021-12-28T13:26:32","date_gmt":"2021-12-28T19:26:32","guid":{"rendered":"https:\/\/encuentroinformativo.com.mx\/?p=21641"},"modified":"2021-12-28T13:26:35","modified_gmt":"2021-12-28T19:26:35","slug":"detienen-a-policias-de-alamo-por-desaparicion","status":"publish","type":"post","link":"https:\/\/encuentroinformativo.com.mx\/?p=21641","title":{"rendered":"Detienen a polic\u00edas de \u00c1lamo por desaparici\u00f3n"},"content":{"rendered":"\n<p><\/p>\n\n\n\n<p><strong>Dar\u00edo Pale<\/strong> <\/p>\n\n\n\n<p>Xalapa, Ver.- Fueron detenidos los elementos de la polic\u00eda municipal de \u00c1lamo involucrados en el crimen del exalcalde pri\u00edsta de Tepetzintla y quien se desempe\u00f1aba como funcionario de la administraci\u00f3n estatal, Cresencio Vera Vidal, as\u00ed lo inform\u00f3 la Fiscal\u00eda General del Estado (FGE).<\/p>\n\n\n\n<p>Elementos de la FGE ejecutaron la orden de aprehensi\u00f3n en contra de Alfonso \u201cN\u201d, Gilberto \u201cN\u201d, No\u00e9 \u201cN\u201d Francisco \u201cN\u201d y \u00a0Santiago \u201cN\u201d, quienes fung\u00edan como elementos activos de la polic\u00eda municipal de \u00c1lamo, por su presunta participaci\u00f3n en el delito de desaparici\u00f3n forzada, en agravio del tambi\u00e9n exfuncionario de la Comisi\u00f3n de Aguas del Estado de Veracruz (CAEV).<\/p>\n\n\n\n<p>Cabe recordar que Vera Vidal est\u00e1 desaparecido desde el pasado 17 de marzo por la tarde luego de que sus familiares denunciaron que podr\u00eda tratarse de una desaparici\u00f3n forzada.<\/p>\n\n\n\n<p>Los hechos habr\u00edan ocurrido en marzo de este a\u00f1o entre las 18:00 y 19:00 luego de salir en un taxi desde su casa hacia Tuxpan, en donde ten\u00eda agendada una reuni\u00f3n de trabajo ese mismo d\u00eda.<\/p>\n\n\n\n<p>Fue as\u00ed que la Fiscal\u00eda General del Estado inform\u00f3 que, respetando el debido proceso y sus derechos humanos, ser\u00e1n puestos a disposici\u00f3n de la jueza de proceso y procedimiento penal oral del distrito judicial de Xalapa, para que defina su situaci\u00f3n jur\u00eddica.<\/p>\n","protected":false},"excerpt":{"rendered":"<p>Dar\u00edo Pale Xalapa, Ver.- Fueron detenidos los elementos de la polic\u00eda municipal de \u00c1lamo involucrados en el crimen del exalcalde pri\u00edsta de Tepetzintla y quien se desempe\u00f1aba como funcionario de la administraci\u00f3n estatal, Cresencio Vera Vidal, as\u00ed lo inform\u00f3 la Fiscal\u00eda General del Estado (FGE). Elementos de la FGE ejecutaron la orden de aprehensi\u00f3n en [&hellip;]<\/p>\n","protected":false},"author":1,"featured_media":8662,"comment_status":"open","ping_status":"open","sticky":false,"template":"","format":"standard","meta":{"_jetpack_memberships_contains_paid_content":false,"footnotes":""},"categories":[14],"tags":[],"class_list":["post-21641","post","type-post","status-publish","format-standard","has-post-thumbnail","hentry","category-policiaca"],"jetpack_featured_media_url":"https:\/\/encuentroinformativo.com.mx\/wp-content\/uploads\/2020\/11\/DFB3BC70-CCAF-4D7E-80C3-86DCFC46D803.jpeg","jetpack_sharing_enabled":true,"jetpack_likes_enabled":true,"amp_enabled":true,"_links":{"self":[{"href":"https:\/\/encuentroinformativo.com.mx\/index.php?rest_route=\/wp\/v2\/posts\/21641","targetHints":{"allow":["GET"]}}],"collection":[{"href":"https:\/\/encuentroinformativo.com.mx\/index.php?rest_route=\/wp\/v2\/posts"}],"about":[{"href":"https:\/\/encuentroinformativo.com.mx\/index.php?rest_route=\/wp\/v2\/types\/post"}],"author":[{"embeddable":true,"href":"https:\/\/encuentroinformativo.com.mx\/index.php?rest_route=\/wp\/v2\/users\/1"}],"replies":[{"embeddable":true,"href":"https:\/\/encuentroinformativo.com.mx\/index.php?rest_route=%2Fwp%2Fv2%2Fcomments&post=21641"}],"version-history":[{"count":1,"href":"https:\/\/encuentroinformativo.com.mx\/index.php?rest_route=\/wp\/v2\/posts\/21641\/revisions"}],"predecessor-version":[{"id":21642,"href":"https:\/\/encuentroinformativo.com.mx\/index.php?rest_route=\/wp\/v2\/posts\/21641\/revisions\/21642"}],"wp:featuredmedia":[{"embeddable":true,"href":"https:\/\/encuentroinformativo.com.mx\/index.php?rest_route=\/wp\/v2\/media\/8662"}],"wp:attachment":[{"href":"https:\/\/encuentroinformativo.com.mx\/index.php?rest_route=%2Fwp%2Fv2%2Fmedia&parent=21641"}],"wp:term":[{"taxonomy":"category","embeddable":true,"href":"https:\/\/encuentroinformativo.com.mx\/index.php?rest_route=%2Fwp%2Fv2%2Fcategories&post=21641"},{"taxonomy":"post_tag","embeddable":true,"href":"https:\/\/encuentroinformativo.com.mx\/index.php?rest_route=%2Fwp%2Fv2%2Ftags&post=21641"}],"curies":[{"name":"wp","href":"https:\/\/api.w.org\/{rel}","templated":true}]}}