{"id":21661,"date":"2021-12-28T17:21:47","date_gmt":"2021-12-28T23:21:47","guid":{"rendered":"https:\/\/encuentroinformativo.com.mx\/?p=21661"},"modified":"2021-12-28T17:21:50","modified_gmt":"2021-12-28T23:21:50","slug":"acudira-gobernador-a-toma-de-protesta-de-alcaldes","status":"publish","type":"post","link":"https:\/\/encuentroinformativo.com.mx\/?p=21661","title":{"rendered":"Acudir\u00e1 Gobernador a toma de protesta de alcaldes"},"content":{"rendered":"\n<p><strong>Dar\u00edo Pale<\/strong><\/p>\n\n\n\n<p>Xalapa, Ver.- El gobernador del estado Cuitl\u00e1huac Garc\u00eda Jim\u00e9nez dio a conocer que en cuanto a la desaparici\u00f3n de poderes que est\u00e1 solicitando el Senado de la Rep\u00fablica &#8220;adelante con lo que ellos consideren&#8221;, adem\u00e1s evit\u00f3 opinar sobre el caso de Jos\u00e9 Manuel \u201cN\u201d.<\/p>\n\n\n\n<p>Entrevistado a un costado del palacio de gobierno se\u00f1al\u00f3 que esta viendo a los representantes que enviar\u00e1 a los municipios para la toma de protesta de los nuevos alcaldes que lo invitaron ya que no le da tiempo de acudir a todos los municipios.<\/p>\n\n\n\n<p>Dio a conocer que acompa\u00f1ar\u00e1 a Ricardo Ahued en Xalapa y que probablemente le d\u00e9 tiempo de acudir a la toma de protesta del alcalde de Emiliano Zapata y si todav\u00eda le alcanza el tiempo estar\u00e1 en una toma m\u00e1s, pero analiza en cu\u00e1l.<\/p>\n\n\n\n<p>Coment\u00f3 que est\u00e1n analizando quienes de su gabinete lo representar\u00e1n, &#8220;vamos a enviar a algunos secretarios, secretarias, titulares, subsecretarios, directores generales a todas las dem\u00e1s regiones para atender la invitaci\u00f3n que han hecho&#8221;.<\/p>\n\n\n\n<p>Record\u00f3 que esto se debe hacer entre el 31 de diciembre y el 1 de enero, todo depender\u00e1 de los acuerdos que tomen cada uno de los cabildos, en el caso de los ayuntamientos donde habr\u00e1 consejos municipales, indic\u00f3 que eso lo tendr\u00e1 que decidir el Congreso del Estado.<\/p>\n\n\n\n<p>En cuanto a la seguridad para esos d\u00edas, &#8220;No s\u00e9 en qu\u00e9 van, ah s\u00ed eso ya est\u00e1, ya estamos en eso&#8221;.<\/p>\n\n\n\n<p>Por otra parte, respecto de lo dicho por el alcalde electo de Xalapa, en el sentido de que iniciar\u00e1 su primer d\u00eda de gesti\u00f3n dando banderazos de obra p\u00fablica, el Mandatario indic\u00f3 que contar\u00e1 con el respaldo de su administraci\u00f3n.<\/p>\n\n\n\n<p>Refiri\u00f3 que ya existe un convenio acordado con anterioridad y es que sacar\u00e1n un proyecto conjunto para trabajar, por lo que solicit\u00f3 a los nuevos alcaldes que aprovechen la oportunidad luego de que llegan muy legitimados tras la elecci\u00f3n que fue concurrente y se elev\u00f3 la participaci\u00f3n ciudadana.<\/p>\n\n\n\n<p>&#8220;Traen mucho respaldo y, por lo tanto, deben actuar en consecuencia, atender y programar los cuatro a\u00f1os que van a estar para hacer un muy buen papel. Van a contar todos con el apoyo de un servidor&#8221;, coment\u00f3.<\/p>\n\n\n\n<p>En otro orden de ideas asegur\u00f3 que todav\u00eda no se confirma ning\u00fan caso del Covid-19 en su variante de \u00d3micron, incluso este lunes revis\u00f3 los registros y siguen buscando, pero reconoci\u00f3 que seguramente van a presentarse.<\/p>\n\n\n\n<p>&#8220;Por fortuna no, no van a variar las medidas sanitarias, las misma que hemos estado recomendando, las mismas que tenemos que tenemos que seguir&#8221;, se\u00f1al\u00f3.<\/p>\n\n\n\n<p>En lo que se refiere al caso de los senadores se\u00f1al\u00f3 que no tiene ning\u00fan problema de que el Senado de la Rep\u00fablica proponga la desaparici\u00f3n de poderes en Veracruz tras la acusaci\u00f3n de realizo Ricardo Monreal y Dante Delgado de que existe abuso de poder en su administraci\u00f3n.<\/p>\n\n\n\n<p>&#8220;Adelante con lo que ellos consideren&#8230;no no tengo ninguna opini\u00f3n m\u00e1s que lo que he dicho&#8221;, dijo.<\/p>\n\n\n\n<p>Asimismo, manifest\u00f3 que no ten\u00eda ninguna opini\u00f3n respecto de la audiencia que contin\u00faa en el penal de Pacho Viejo, del secretario t\u00e9cnico de la Jucopo del Senado, Jos\u00e9 Manuel del R\u00edo Virgen.<\/p>\n\n\n\n<p>Por \u00faltimo destac\u00f3 que tampoco tiene ning\u00fan inconveniente en que se revise el delito de ultrajes a la autoridad, &#8220;que se revise si gustan, no tenemos ning\u00fan problema&#8230; adelante no tengo ning\u00fan problema con eso&#8221;, expres\u00f3 en relaci\u00f3n a la Comisi\u00f3n Especial que se cre\u00f3 en el Senado para revisar los casos de abuso de poder.<\/p>\n","protected":false},"excerpt":{"rendered":"<p>Dar\u00edo Pale Xalapa, Ver.- El gobernador del estado Cuitl\u00e1huac Garc\u00eda Jim\u00e9nez dio a conocer que en cuanto a la desaparici\u00f3n de poderes que est\u00e1 solicitando el Senado de la Rep\u00fablica &#8220;adelante con lo que ellos consideren&#8221;, adem\u00e1s evit\u00f3 opinar sobre el caso de Jos\u00e9 Manuel \u201cN\u201d. Entrevistado a un costado del palacio de gobierno se\u00f1al\u00f3 [&hellip;]<\/p>\n","protected":false},"author":1,"featured_media":21662,"comment_status":"open","ping_status":"open","sticky":false,"template":"","format":"standard","meta":{"_jetpack_memberships_contains_paid_content":false,"footnotes":""},"categories":[2],"tags":[],"class_list":["post-21661","post","type-post","status-publish","format-standard","has-post-thumbnail","hentry","category-estado"],"jetpack_featured_media_url":"https:\/\/encuentroinformativo.com.mx\/wp-content\/uploads\/2021\/12\/BD56C0E6-6785-42C9-854C-EDFD96F77BC2.jpeg","jetpack_sharing_enabled":true,"jetpack_likes_enabled":true,"amp_enabled":true,"_links":{"self":[{"href":"https:\/\/encuentroinformativo.com.mx\/index.php?rest_route=\/wp\/v2\/posts\/21661","targetHints":{"allow":["GET"]}}],"collection":[{"href":"https:\/\/encuentroinformativo.com.mx\/index.php?rest_route=\/wp\/v2\/posts"}],"about":[{"href":"https:\/\/encuentroinformativo.com.mx\/index.php?rest_route=\/wp\/v2\/types\/post"}],"author":[{"embeddable":true,"href":"https:\/\/encuentroinformativo.com.mx\/index.php?rest_route=\/wp\/v2\/users\/1"}],"replies":[{"embeddable":true,"href":"https:\/\/encuentroinformativo.com.mx\/index.php?rest_route=%2Fwp%2Fv2%2Fcomments&post=21661"}],"version-history":[{"count":1,"href":"https:\/\/encuentroinformativo.com.mx\/index.php?rest_route=\/wp\/v2\/posts\/21661\/revisions"}],"predecessor-version":[{"id":21663,"href":"https:\/\/encuentroinformativo.com.mx\/index.php?rest_route=\/wp\/v2\/posts\/21661\/revisions\/21663"}],"wp:featuredmedia":[{"embeddable":true,"href":"https:\/\/encuentroinformativo.com.mx\/index.php?rest_route=\/wp\/v2\/media\/21662"}],"wp:attachment":[{"href":"https:\/\/encuentroinformativo.com.mx\/index.php?rest_route=%2Fwp%2Fv2%2Fmedia&parent=21661"}],"wp:term":[{"taxonomy":"category","embeddable":true,"href":"https:\/\/encuentroinformativo.com.mx\/index.php?rest_route=%2Fwp%2Fv2%2Fcategories&post=21661"},{"taxonomy":"post_tag","embeddable":true,"href":"https:\/\/encuentroinformativo.com.mx\/index.php?rest_route=%2Fwp%2Fv2%2Ftags&post=21661"}],"curies":[{"name":"wp","href":"https:\/\/api.w.org\/{rel}","templated":true}]}}