{"id":21689,"date":"2021-12-29T13:08:36","date_gmt":"2021-12-29T19:08:36","guid":{"rendered":"https:\/\/encuentroinformativo.com.mx\/?p=21689"},"modified":"2021-12-29T13:08:40","modified_gmt":"2021-12-29T19:08:40","slug":"niega-gobernador-caceria-de-adversarios","status":"publish","type":"post","link":"https:\/\/encuentroinformativo.com.mx\/?p=21689","title":{"rendered":"Niega Gobernador \u201ccacer\u00eda\u201d de adversarios"},"content":{"rendered":"\n<p><strong>Dar\u00edo Pale <\/strong><\/p>\n\n\n\n<p>Xalapa, Ver.- El gobernador del estado Cuitl\u00e1huac Garc\u00eda Jim\u00e9nez dio a conocer que ni caso armado ni construido pol\u00edticamente para afectar a ning\u00fan adversario, ya que afirm\u00f3 que la determinaci\u00f3n del Juez de Control para vincular a proceso al secretario t\u00e9cnico de la Jucopo, Jos\u00e9 Manuel del R\u00edo Virgen, demuestra que no se trat\u00f3 de un caso armado.<\/p>\n\n\n\n<p>Entrevistado en conocido caf\u00e9 de la calle de Zaragoza se\u00f1al\u00f3 que hab\u00eda una investigaci\u00f3n con pruebas que el juez valor\u00f3 y que consider\u00f3 que eran suficientes para vincularlo a proceso.<\/p>\n\n\n\n<p>Coment\u00f3 que es un procedimiento judicial que corresponde al Poder Judicial y a la Fiscal\u00eda General del Estado y por lo tanto ser\u00e1 respetuoso de las decisiones que se tomaron, ya que la decisi\u00f3n del juez de control se trata de la primera instancia que debe seguir el imputado, pero hay otras.<\/p>\n\n\n\n<p>Sostuvo que les interesa mucho que haya justicia por el crimen de Remigio Tovar Tovar, por lo que se debe actuar apegados a derecho tanto el Poder Judicial como la Fiscal\u00eda General del Estado.<\/p>\n\n\n\n<p>Descart\u00f3 que se deba reunir con el senador Ricardo Monreal \u00c1vila porque hay mucho juego medi\u00e1tico y tienen opiniones distintas, por lo que lo \u00fanico que tienen que hacer es respetar las opiniones de cada uno y asegur\u00f3 que respeta la del legislador, pero no la comparte.<\/p>\n\n\n\n<p>Descart\u00f3 dar una opini\u00f3n sobre lo dicho por el abogado Jorge Reyes Peralta en el sentido de que la Fiscal\u00eda no present\u00f3 pruebas, eso corresponde al juez de control, &#8220;el juez ha determinado que s\u00ed hay pruebas para vincularlo&#8221;.<\/p>\n\n\n\n<p>Asimismo tras los se\u00f1alamientos de que el juez habr\u00eda obrado por presiones, respondi\u00f3 que no puede litigar en medios, es algo que no le incumbe.<\/p>\n\n\n\n<p>Cuestionado sobre la permanencia de Del R\u00edo Virgen en el penal de Pacho Viejo, expuso que quien determina eso es la Secretar\u00eda de Seguridad P\u00fablica toda vez que existe una normativa interna que se aplicar\u00e1 de manera &#8220;normal&#8221;.<\/p>\n\n\n\n<p>El mandatario sostuvo que no ha respondido a los descalificativos en su contra, ha evitado hacer se\u00f1alamientos porque no se trata de una cuesti\u00f3n pol\u00edtica o partidista con nadie.<\/p>\n\n\n\n<p>Finalmente en ese tema coment\u00f3 que, &#8220;se trata de esclarecer \u00a0un asesinato&#8230; \u00e9l as\u00ed lo consider\u00f3, yo respeto lo que \u00e9l decida&#8221;.<\/p>\n","protected":false},"excerpt":{"rendered":"<p>Dar\u00edo Pale Xalapa, Ver.- El gobernador del estado Cuitl\u00e1huac Garc\u00eda Jim\u00e9nez dio a conocer que ni caso armado ni construido pol\u00edticamente para afectar a ning\u00fan adversario, ya que afirm\u00f3 que la determinaci\u00f3n del Juez de Control para vincular a proceso al secretario t\u00e9cnico de la Jucopo, Jos\u00e9 Manuel del R\u00edo Virgen, demuestra que no se [&hellip;]<\/p>\n","protected":false},"author":1,"featured_media":21690,"comment_status":"open","ping_status":"open","sticky":false,"template":"","format":"standard","meta":{"_jetpack_memberships_contains_paid_content":false,"footnotes":""},"categories":[2],"tags":[],"class_list":["post-21689","post","type-post","status-publish","format-standard","has-post-thumbnail","hentry","category-estado"],"jetpack_featured_media_url":"https:\/\/encuentroinformativo.com.mx\/wp-content\/uploads\/2021\/12\/35A3A202-6617-4D78-A128-9CD241C97D6D.jpeg","jetpack_sharing_enabled":true,"jetpack_likes_enabled":true,"amp_enabled":true,"_links":{"self":[{"href":"https:\/\/encuentroinformativo.com.mx\/index.php?rest_route=\/wp\/v2\/posts\/21689","targetHints":{"allow":["GET"]}}],"collection":[{"href":"https:\/\/encuentroinformativo.com.mx\/index.php?rest_route=\/wp\/v2\/posts"}],"about":[{"href":"https:\/\/encuentroinformativo.com.mx\/index.php?rest_route=\/wp\/v2\/types\/post"}],"author":[{"embeddable":true,"href":"https:\/\/encuentroinformativo.com.mx\/index.php?rest_route=\/wp\/v2\/users\/1"}],"replies":[{"embeddable":true,"href":"https:\/\/encuentroinformativo.com.mx\/index.php?rest_route=%2Fwp%2Fv2%2Fcomments&post=21689"}],"version-history":[{"count":1,"href":"https:\/\/encuentroinformativo.com.mx\/index.php?rest_route=\/wp\/v2\/posts\/21689\/revisions"}],"predecessor-version":[{"id":21691,"href":"https:\/\/encuentroinformativo.com.mx\/index.php?rest_route=\/wp\/v2\/posts\/21689\/revisions\/21691"}],"wp:featuredmedia":[{"embeddable":true,"href":"https:\/\/encuentroinformativo.com.mx\/index.php?rest_route=\/wp\/v2\/media\/21690"}],"wp:attachment":[{"href":"https:\/\/encuentroinformativo.com.mx\/index.php?rest_route=%2Fwp%2Fv2%2Fmedia&parent=21689"}],"wp:term":[{"taxonomy":"category","embeddable":true,"href":"https:\/\/encuentroinformativo.com.mx\/index.php?rest_route=%2Fwp%2Fv2%2Fcategories&post=21689"},{"taxonomy":"post_tag","embeddable":true,"href":"https:\/\/encuentroinformativo.com.mx\/index.php?rest_route=%2Fwp%2Fv2%2Ftags&post=21689"}],"curies":[{"name":"wp","href":"https:\/\/api.w.org\/{rel}","templated":true}]}}