{"id":21692,"date":"2021-12-29T13:43:31","date_gmt":"2021-12-29T19:43:31","guid":{"rendered":"https:\/\/encuentroinformativo.com.mx\/?p=21692"},"modified":"2021-12-29T13:43:35","modified_gmt":"2021-12-29T19:43:35","slug":"por-falta-de-pagos-paran-servicio-de-limpia-publica-en-tuxpan","status":"publish","type":"post","link":"https:\/\/encuentroinformativo.com.mx\/?p=21692","title":{"rendered":"Por falta de pagos, \u2018paran\u2019 servicio de Limpia P\u00fablica en Tuxpan"},"content":{"rendered":"\n<p><strong>Alejandro \u00c1vila<\/strong><\/p>\n\n\n\n<p>Tuxpan, Ver.- La ciudad de Tuxpan dej\u00f3 de recibir la recolecci\u00f3n de basura desde las 9 de la ma\u00f1ana, toda vez que los choferes de las unidades realizaron un paro para apoyar la protesta de los trabajadores sindicalizados que reclaman su pago.<\/p>\n\n\n\n<p>El servicio de recolecci\u00f3n de basura fue suspendido justo en el momento en que los comerciantes de la zona centro comenzaron a sacar de sus establecimientos los desechos.<\/p>\n\n\n\n<p>Los choferes de las unidades son sindicalizado y esta vez se unieron al paro de brazos ca\u00eddos que se realiz\u00f3 ante la falta de pago del fondo de ahorros.\u00a0<\/p>\n\n\n\n<p>Es de mencionar que de acuerdo a las rutas establecidos por la direcci\u00f3n de limpia publica, el servicio se brinda dos veces a la semana&nbsp; en las colonias de la ciudad, por lo que las colonias donde les tocaba hoy la recolecci\u00f3n se ver\u00e1n afectadas.<\/p>\n\n\n\n<p>Este servicio ser\u00e1 suspendido nuevamente el pr\u00f3ximo 01 de enero, por lo que de no reanudarse las actividades de manera\u00a0 inmediata la ciudad continuara pareciendo un basurero clandestino.<\/p>\n\n\n\n<figure class=\"wp-block-image size-large\"><img loading=\"lazy\" decoding=\"async\" width=\"1024\" height=\"472\" src=\"https:\/\/encuentroinformativo.com.mx\/wp-content\/uploads\/2021\/12\/03EEF9E0-21B4-4C5D-B061-CB888A056F4E-1024x472.jpeg\" alt=\"\" class=\"wp-image-21694\" srcset=\"https:\/\/encuentroinformativo.com.mx\/wp-content\/uploads\/2021\/12\/03EEF9E0-21B4-4C5D-B061-CB888A056F4E-1024x472.jpeg 1024w, https:\/\/encuentroinformativo.com.mx\/wp-content\/uploads\/2021\/12\/03EEF9E0-21B4-4C5D-B061-CB888A056F4E-300x138.jpeg 300w, https:\/\/encuentroinformativo.com.mx\/wp-content\/uploads\/2021\/12\/03EEF9E0-21B4-4C5D-B061-CB888A056F4E-768x354.jpeg 768w, https:\/\/encuentroinformativo.com.mx\/wp-content\/uploads\/2021\/12\/03EEF9E0-21B4-4C5D-B061-CB888A056F4E-1536x708.jpeg 1536w, https:\/\/encuentroinformativo.com.mx\/wp-content\/uploads\/2021\/12\/03EEF9E0-21B4-4C5D-B061-CB888A056F4E.jpeg 1600w\" sizes=\"auto, (max-width: 1024px) 100vw, 1024px\" \/><\/figure>\n","protected":false},"excerpt":{"rendered":"<p>Alejandro \u00c1vila Tuxpan, Ver.- La ciudad de Tuxpan dej\u00f3 de recibir la recolecci\u00f3n de basura desde las 9 de la ma\u00f1ana, toda vez que los choferes de las unidades realizaron un paro para apoyar la protesta de los trabajadores sindicalizados que reclaman su pago. El servicio de recolecci\u00f3n de basura fue suspendido justo en el [&hellip;]<\/p>\n","protected":false},"author":1,"featured_media":21693,"comment_status":"open","ping_status":"open","sticky":false,"template":"","format":"standard","meta":{"_jetpack_memberships_contains_paid_content":false,"footnotes":""},"categories":[2],"tags":[],"class_list":["post-21692","post","type-post","status-publish","format-standard","has-post-thumbnail","hentry","category-estado"],"jetpack_featured_media_url":"https:\/\/encuentroinformativo.com.mx\/wp-content\/uploads\/2021\/12\/F46876A1-C3C0-4932-A4D2-9A185C2C874A.jpeg","jetpack_sharing_enabled":true,"jetpack_likes_enabled":true,"amp_enabled":true,"_links":{"self":[{"href":"https:\/\/encuentroinformativo.com.mx\/index.php?rest_route=\/wp\/v2\/posts\/21692","targetHints":{"allow":["GET"]}}],"collection":[{"href":"https:\/\/encuentroinformativo.com.mx\/index.php?rest_route=\/wp\/v2\/posts"}],"about":[{"href":"https:\/\/encuentroinformativo.com.mx\/index.php?rest_route=\/wp\/v2\/types\/post"}],"author":[{"embeddable":true,"href":"https:\/\/encuentroinformativo.com.mx\/index.php?rest_route=\/wp\/v2\/users\/1"}],"replies":[{"embeddable":true,"href":"https:\/\/encuentroinformativo.com.mx\/index.php?rest_route=%2Fwp%2Fv2%2Fcomments&post=21692"}],"version-history":[{"count":1,"href":"https:\/\/encuentroinformativo.com.mx\/index.php?rest_route=\/wp\/v2\/posts\/21692\/revisions"}],"predecessor-version":[{"id":21695,"href":"https:\/\/encuentroinformativo.com.mx\/index.php?rest_route=\/wp\/v2\/posts\/21692\/revisions\/21695"}],"wp:featuredmedia":[{"embeddable":true,"href":"https:\/\/encuentroinformativo.com.mx\/index.php?rest_route=\/wp\/v2\/media\/21693"}],"wp:attachment":[{"href":"https:\/\/encuentroinformativo.com.mx\/index.php?rest_route=%2Fwp%2Fv2%2Fmedia&parent=21692"}],"wp:term":[{"taxonomy":"category","embeddable":true,"href":"https:\/\/encuentroinformativo.com.mx\/index.php?rest_route=%2Fwp%2Fv2%2Fcategories&post=21692"},{"taxonomy":"post_tag","embeddable":true,"href":"https:\/\/encuentroinformativo.com.mx\/index.php?rest_route=%2Fwp%2Fv2%2Ftags&post=21692"}],"curies":[{"name":"wp","href":"https:\/\/api.w.org\/{rel}","templated":true}]}}