{"id":21699,"date":"2021-12-29T15:54:54","date_gmt":"2021-12-29T21:54:54","guid":{"rendered":"https:\/\/encuentroinformativo.com.mx\/?p=21699"},"modified":"2021-12-29T15:54:57","modified_gmt":"2021-12-29T21:54:57","slug":"por-incrementos-cuesta-de-enero-se-extendera-hasta-junio-legislador","status":"publish","type":"post","link":"https:\/\/encuentroinformativo.com.mx\/?p=21699","title":{"rendered":"Por incrementos, cuesta de enero se extender\u00e1 hasta junio: Legislador"},"content":{"rendered":"\n<p><strong>Alejandro \u00c1vila<\/strong><\/p>\n\n\n\n<p>Veracruz, Ver.- La cuesta de enero se extender\u00e1 hasta el mes de junio, anunci\u00f3 el diputado federal, Carlos Valenzuela Gonz\u00e1lez, no siendo este el \u00fanico problema, sino tambi\u00e9n el aumento de la canasta b\u00e1sica.<\/p>\n\n\n\n<p>El panista acus\u00f3 que pes\u00e9 a que intentaron no aumentar la gasolina, los diputados de Morena nunca apoyaron sus propuestas y eso traer\u00e1 consigo el aumento de pasaje de autobus urbano, entre otros problemas como, el aumento la canasta b\u00e1sica.<\/p>\n\n\n\n<p>&#8220;A partir de enero se va a vivir una de las peores crisis econ\u00f3micas de los \u00faltimos 20 a\u00f1os (\u2026) Ahora desafortunadamente debido a las malas pol\u00edticas econ\u00f3micas de Morena, se prev\u00e9 que la cuesta de enero llegue hasta el mes de junio por lo cual nosotros desde ac\u00e1 hacemos un exhorto al gobierno federal para que cambien las pol\u00edticas p\u00fablicas econ\u00f3micas&#8221;.&nbsp;<\/p>\n\n\n\n<p>A\u00f1adi\u00f3 que restaurantes, hoteles, prestadores de servicios&nbsp; y dem\u00e1s trabajadores se ver\u00eda afectados a\u00fan m\u00e1s en 2022 por la carga fiscal que estar\u00eda aumentando, adem\u00e1s de las gasolinas y otros insumos.&nbsp;<\/p>\n\n\n\n<p>&#8220;Implica un costo mayor en el transporte p\u00fablico, implicar\u00e1 que la tarifa en Veracruz va a aumentar uno o dos pesos, que la tarifa de los taxis va a aumentar entre 5 y 10 pesos, con esto lamentablemente el costo de la canasta b\u00e1sica, verifiquen ustedes mismos a la hora de que vayan a hacer el supermercado&#8221;, remat\u00f3.<\/p>\n","protected":false},"excerpt":{"rendered":"<p>Alejandro \u00c1vila Veracruz, Ver.- La cuesta de enero se extender\u00e1 hasta el mes de junio, anunci\u00f3 el diputado federal, Carlos Valenzuela Gonz\u00e1lez, no siendo este el \u00fanico problema, sino tambi\u00e9n el aumento de la canasta b\u00e1sica. El panista acus\u00f3 que pes\u00e9 a que intentaron no aumentar la gasolina, los diputados de Morena nunca apoyaron sus [&hellip;]<\/p>\n","protected":false},"author":1,"featured_media":21700,"comment_status":"open","ping_status":"open","sticky":false,"template":"","format":"standard","meta":{"_jetpack_memberships_contains_paid_content":false,"footnotes":""},"categories":[2],"tags":[],"class_list":["post-21699","post","type-post","status-publish","format-standard","has-post-thumbnail","hentry","category-estado"],"jetpack_featured_media_url":"https:\/\/encuentroinformativo.com.mx\/wp-content\/uploads\/2021\/12\/8D36D5EE-20A7-46EE-8660-A62DA676B438.jpeg","jetpack_sharing_enabled":true,"jetpack_likes_enabled":true,"amp_enabled":true,"_links":{"self":[{"href":"https:\/\/encuentroinformativo.com.mx\/index.php?rest_route=\/wp\/v2\/posts\/21699","targetHints":{"allow":["GET"]}}],"collection":[{"href":"https:\/\/encuentroinformativo.com.mx\/index.php?rest_route=\/wp\/v2\/posts"}],"about":[{"href":"https:\/\/encuentroinformativo.com.mx\/index.php?rest_route=\/wp\/v2\/types\/post"}],"author":[{"embeddable":true,"href":"https:\/\/encuentroinformativo.com.mx\/index.php?rest_route=\/wp\/v2\/users\/1"}],"replies":[{"embeddable":true,"href":"https:\/\/encuentroinformativo.com.mx\/index.php?rest_route=%2Fwp%2Fv2%2Fcomments&post=21699"}],"version-history":[{"count":1,"href":"https:\/\/encuentroinformativo.com.mx\/index.php?rest_route=\/wp\/v2\/posts\/21699\/revisions"}],"predecessor-version":[{"id":21701,"href":"https:\/\/encuentroinformativo.com.mx\/index.php?rest_route=\/wp\/v2\/posts\/21699\/revisions\/21701"}],"wp:featuredmedia":[{"embeddable":true,"href":"https:\/\/encuentroinformativo.com.mx\/index.php?rest_route=\/wp\/v2\/media\/21700"}],"wp:attachment":[{"href":"https:\/\/encuentroinformativo.com.mx\/index.php?rest_route=%2Fwp%2Fv2%2Fmedia&parent=21699"}],"wp:term":[{"taxonomy":"category","embeddable":true,"href":"https:\/\/encuentroinformativo.com.mx\/index.php?rest_route=%2Fwp%2Fv2%2Fcategories&post=21699"},{"taxonomy":"post_tag","embeddable":true,"href":"https:\/\/encuentroinformativo.com.mx\/index.php?rest_route=%2Fwp%2Fv2%2Ftags&post=21699"}],"curies":[{"name":"wp","href":"https:\/\/api.w.org\/{rel}","templated":true}]}}