{"id":2170,"date":"2020-04-28T14:21:12","date_gmt":"2020-04-28T19:21:12","guid":{"rendered":"https:\/\/encuentroinformativo.com\/?p=2170"},"modified":"2020-04-28T14:21:17","modified_gmt":"2020-04-28T19:21:17","slug":"gobierno-debe-agilizar-aplicacion-de-recursos-pt","status":"publish","type":"post","link":"https:\/\/encuentroinformativo.com.mx\/?p=2170","title":{"rendered":"Gobierno debe agilizar aplicaci\u00f3n de recursos: PT"},"content":{"rendered":"\n<p><strong>Juan Arcos <\/strong><\/p>\n\n\n\n<p>Xalapa, Ver.- El coordinador estatal del Partido del Trabajo (PT), Vicente Aguilar Aguilar, pidi\u00f3 al gobierno estatal que agilice la aplicaci\u00f3n de recursos econ\u00f3micos para evitar caer en un subejercicio.<\/p>\n\n\n\n<p>El l\u00edder petista record\u00f3 que el a\u00f1o pasado varias dependencias estatales incurrieron en subejercicio dentro de los presupuestos asignados a sus \u00e1reas.<\/p>\n\n\n\n<p>\u201cPor ello, hacemos un llamado a que este a\u00f1o agilicen la aplicaci\u00f3n de recursos y de ser posible adelanten sus planes de dispersi\u00f3n de los recursos contemplados en sus programas de operaci\u00f3n\u201d.<\/p>\n\n\n\n<p>A su juicio, es necesaria la reactivaci\u00f3n econ\u00f3mica en la entidad, que beneficie principalmente a los sectores m\u00e1s vulnerables.<\/p>\n\n\n\n<p>\u201cPor lo tanto, pedimos al Gobernador que en caso de que alg\u00fan funcionario no ejerza su presupuesto programado, sean separados de forma inmediata y sujetos a las responsabilidades legales en que incurran\u201d.<\/p>\n\n\n\n<p>Cabe recordar que el Observatorio de las Finanzas P\u00fablicas (OFP) denunci\u00f3 un subejercicio en el primer semestre del a\u00f1o pasado que ascend\u00eda a los 75 mil millones de pesos en la entidad.<\/p>\n\n\n\n<p>Por otra parte, Vicente Aguilar valor\u00f3 el esfuerzo que realiza el gobierno estatal a favor de los trabajadores, pues destin\u00f3 una importante cantidad de recurso econ\u00f3mico a los taxistas, a trav\u00e9s de la Secretar\u00eda de Desarrollo Social (Sedesol).<\/p>\n\n\n\n<p>Se trata de uno de los sectores de la poblaci\u00f3n que se han visto afectados por la contingencia sanitaria del coronavirus.<\/p>\n\n\n\n<p>\u201cSin embargo, reconocemos que no es suficiente comparado con las necesidades que han aumentado con la llegada del coronavirus\u201d, culmin\u00f3.<\/p>\n\n\n\n<p><\/p>\n","protected":false},"excerpt":{"rendered":"<p>Juan Arcos Xalapa, Ver.- El coordinador estatal del Partido del Trabajo (PT), Vicente Aguilar Aguilar, pidi\u00f3 al gobierno estatal que agilice la aplicaci\u00f3n de recursos econ\u00f3micos para evitar caer en un subejercicio. El l\u00edder petista record\u00f3 que el a\u00f1o pasado varias dependencias estatales incurrieron en subejercicio dentro de los presupuestos asignados a sus \u00e1reas. \u201cPor [&hellip;]<\/p>\n","protected":false},"author":1,"featured_media":2171,"comment_status":"open","ping_status":"open","sticky":false,"template":"","format":"standard","meta":{"_jetpack_memberships_contains_paid_content":false,"footnotes":""},"categories":[2],"tags":[],"class_list":["post-2170","post","type-post","status-publish","format-standard","has-post-thumbnail","hentry","category-estado"],"jetpack_featured_media_url":"https:\/\/encuentroinformativo.com.mx\/wp-content\/uploads\/2020\/04\/FAE7A424-DDB7-49D8-849D-144E710DBFB4.jpeg","jetpack_sharing_enabled":true,"jetpack_likes_enabled":true,"amp_enabled":true,"_links":{"self":[{"href":"https:\/\/encuentroinformativo.com.mx\/index.php?rest_route=\/wp\/v2\/posts\/2170","targetHints":{"allow":["GET"]}}],"collection":[{"href":"https:\/\/encuentroinformativo.com.mx\/index.php?rest_route=\/wp\/v2\/posts"}],"about":[{"href":"https:\/\/encuentroinformativo.com.mx\/index.php?rest_route=\/wp\/v2\/types\/post"}],"author":[{"embeddable":true,"href":"https:\/\/encuentroinformativo.com.mx\/index.php?rest_route=\/wp\/v2\/users\/1"}],"replies":[{"embeddable":true,"href":"https:\/\/encuentroinformativo.com.mx\/index.php?rest_route=%2Fwp%2Fv2%2Fcomments&post=2170"}],"version-history":[{"count":1,"href":"https:\/\/encuentroinformativo.com.mx\/index.php?rest_route=\/wp\/v2\/posts\/2170\/revisions"}],"predecessor-version":[{"id":2172,"href":"https:\/\/encuentroinformativo.com.mx\/index.php?rest_route=\/wp\/v2\/posts\/2170\/revisions\/2172"}],"wp:featuredmedia":[{"embeddable":true,"href":"https:\/\/encuentroinformativo.com.mx\/index.php?rest_route=\/wp\/v2\/media\/2171"}],"wp:attachment":[{"href":"https:\/\/encuentroinformativo.com.mx\/index.php?rest_route=%2Fwp%2Fv2%2Fmedia&parent=2170"}],"wp:term":[{"taxonomy":"category","embeddable":true,"href":"https:\/\/encuentroinformativo.com.mx\/index.php?rest_route=%2Fwp%2Fv2%2Fcategories&post=2170"},{"taxonomy":"post_tag","embeddable":true,"href":"https:\/\/encuentroinformativo.com.mx\/index.php?rest_route=%2Fwp%2Fv2%2Ftags&post=2170"}],"curies":[{"name":"wp","href":"https:\/\/api.w.org\/{rel}","templated":true}]}}