{"id":21702,"date":"2021-12-29T16:44:26","date_gmt":"2021-12-29T22:44:26","guid":{"rendered":"https:\/\/encuentroinformativo.com.mx\/?p=21702"},"modified":"2021-12-29T16:44:29","modified_gmt":"2021-12-29T22:44:29","slug":"fge-con-2-lineas-de-investigacion-por-asesinato-de-menor-en-xoxocotla","status":"publish","type":"post","link":"https:\/\/encuentroinformativo.com.mx\/?p=21702","title":{"rendered":"FGE con 2 l\u00edneas de investigaci\u00f3n por asesinato de menor en Xoxocotla"},"content":{"rendered":"\n<p><strong>Dar\u00edo Pale<\/strong><\/p>\n\n\n\n<p>Xalapa, Ver.- El gobernador de Veracruz Cuitl\u00e1huac Garc\u00eda Jim\u00e9nez dio a conocer que el crimen de la hija del alcalde de Xoxocotla, gira en torno a \u00e9l, ademas se dijo dispuesto a escuchar a los abogados y a perfeccionar el delito de ultrajes a la autoridad.<\/p>\n\n\n\n<p>Entrevistado en conocido caf\u00e9 de Zaragoza se\u00f1al\u00f3 que, tras el crimen de la menor de 13 a\u00f1os de edad, hija del alcalde de Xoxocotla, Magdaleno Ju\u00e1rez P\u00e9rez, el gobernador inform\u00f3 que la fiscal general, Ver\u00f3nica Hern\u00e1ndez Giad\u00e1ns, les dio a conocer que existen dos l\u00edneas de investigaci\u00f3n que &#8220;giran en torno al alcalde&#8221;.<\/p>\n\n\n\n<p>Por lo que afirm\u00f3 que ya se iniciaron las investigaciones y garantiz\u00f3 que habr\u00e1 justicia, no obstante descart\u00f3 definir si se trata de una venganza en contra del mun\u00edcipe, pero adelant\u00f3 que hay indicios de qui\u00e9nes son los responsables, por lo que dar\u00e1n con ellos.<br>Asimismo, indic\u00f3 que tras la petici\u00f3n de los colegios, barras y asociaciones de abogados para que los reciba y hablen sobre el delito de ultrajes a la autoridad.<\/p>\n\n\n\n<p>&#8220;Con gusto podemos debatir. No se trata de la misma ley de ultrajes que exist\u00eda antes, porque aquella era general, se dec\u00eda en t\u00e9rminos jur\u00eddicos que el que cometiera ultrajes a una autoridad, pero no defin\u00eda que tipo de ultraje ni tipificaba los grados de la comisi\u00f3n del delito, ac\u00e1 qued\u00f3 muy claro&#8221;, se\u00f1al\u00f3.<\/p>\n\n\n\n<p>&#8220;Tambi\u00e9n estamos dispuestos a perfeccionarla, la ley es perfectible, por lo tanto \u00a0las sugerencias y las propuestas que se hagan, no estamos cerrados a que no se perfeccione&#8221;, agreg\u00f3.<\/p>\n\n\n\n<p>En ese sentido, resalt\u00f3 que lo que no quieren es que no exista una puerta giratoria en los juzgados, porque si de algo se quejaba la sociedad es que los delincuentes pod\u00edan salir gracias a sus abogados.<\/p>\n\n\n\n<p>Finalmente el Mandatario insisti\u00f3 en que la modificaci\u00f3n se hizo porque los delincuentes agred\u00edan a los elementos policiacos y no hab\u00eda una sanci\u00f3n, &#8220;se tipific\u00f3 exactamente como una agresi\u00f3n violenta. No olviden que est\u00e1 en la Constituci\u00f3n, est\u00e1 muy claro que la agresi\u00f3n violenta a una autoridad tiene c\u00e1rcel preventiva&#8221;.<\/p>\n","protected":false},"excerpt":{"rendered":"<p>Dar\u00edo Pale Xalapa, Ver.- El gobernador de Veracruz Cuitl\u00e1huac Garc\u00eda Jim\u00e9nez dio a conocer que el crimen de la hija del alcalde de Xoxocotla, gira en torno a \u00e9l, ademas se dijo dispuesto a escuchar a los abogados y a perfeccionar el delito de ultrajes a la autoridad. Entrevistado en conocido caf\u00e9 de Zaragoza se\u00f1al\u00f3 [&hellip;]<\/p>\n","protected":false},"author":1,"featured_media":21703,"comment_status":"open","ping_status":"open","sticky":false,"template":"","format":"standard","meta":{"_jetpack_memberships_contains_paid_content":false,"footnotes":""},"categories":[2],"tags":[],"class_list":["post-21702","post","type-post","status-publish","format-standard","has-post-thumbnail","hentry","category-estado"],"jetpack_featured_media_url":"https:\/\/encuentroinformativo.com.mx\/wp-content\/uploads\/2021\/12\/43C51A19-8031-4EF7-B04A-02C1090C1267.jpeg","jetpack_sharing_enabled":true,"jetpack_likes_enabled":true,"amp_enabled":true,"_links":{"self":[{"href":"https:\/\/encuentroinformativo.com.mx\/index.php?rest_route=\/wp\/v2\/posts\/21702","targetHints":{"allow":["GET"]}}],"collection":[{"href":"https:\/\/encuentroinformativo.com.mx\/index.php?rest_route=\/wp\/v2\/posts"}],"about":[{"href":"https:\/\/encuentroinformativo.com.mx\/index.php?rest_route=\/wp\/v2\/types\/post"}],"author":[{"embeddable":true,"href":"https:\/\/encuentroinformativo.com.mx\/index.php?rest_route=\/wp\/v2\/users\/1"}],"replies":[{"embeddable":true,"href":"https:\/\/encuentroinformativo.com.mx\/index.php?rest_route=%2Fwp%2Fv2%2Fcomments&post=21702"}],"version-history":[{"count":1,"href":"https:\/\/encuentroinformativo.com.mx\/index.php?rest_route=\/wp\/v2\/posts\/21702\/revisions"}],"predecessor-version":[{"id":21704,"href":"https:\/\/encuentroinformativo.com.mx\/index.php?rest_route=\/wp\/v2\/posts\/21702\/revisions\/21704"}],"wp:featuredmedia":[{"embeddable":true,"href":"https:\/\/encuentroinformativo.com.mx\/index.php?rest_route=\/wp\/v2\/media\/21703"}],"wp:attachment":[{"href":"https:\/\/encuentroinformativo.com.mx\/index.php?rest_route=%2Fwp%2Fv2%2Fmedia&parent=21702"}],"wp:term":[{"taxonomy":"category","embeddable":true,"href":"https:\/\/encuentroinformativo.com.mx\/index.php?rest_route=%2Fwp%2Fv2%2Fcategories&post=21702"},{"taxonomy":"post_tag","embeddable":true,"href":"https:\/\/encuentroinformativo.com.mx\/index.php?rest_route=%2Fwp%2Fv2%2Ftags&post=21702"}],"curies":[{"name":"wp","href":"https:\/\/api.w.org\/{rel}","templated":true}]}}