{"id":21705,"date":"2021-12-29T16:50:11","date_gmt":"2021-12-29T22:50:11","guid":{"rendered":"https:\/\/encuentroinformativo.com.mx\/?p=21705"},"modified":"2021-12-29T16:50:15","modified_gmt":"2021-12-29T22:50:15","slug":"ediles-aprobaron-salida-de-el-piojito-en-los-berros","status":"publish","type":"post","link":"https:\/\/encuentroinformativo.com.mx\/?p=21705","title":{"rendered":"Ediles aprobaron salida de \u201cEl Piojito\u201d en Los Berros"},"content":{"rendered":"\n<p><strong>Juan Arcos<\/strong><\/p>\n\n\n\n<p>Xalapa, Ver.- Las regidoras y regidores del ayuntamiento de Xalapa desconoc\u00edan la propuesta del alcalde Hip\u00f3lito Rodr\u00edguez Herrero para prohibir la operaci\u00f3n del tranv\u00eda \u201cEl Pijoto\u201d al interior del parque \u201cMiguel Hidalgo y Costilla\u201d, mejor conocido como \u201cLos Berros\u201d.<\/p>\n\n\n\n<p>As\u00ed lo confirm\u00f3 el regidor titular de la comisi\u00f3n edilicia de Comercio, Francisco Javier Gonz\u00e1lez Villag\u00f3mez, quien a\u00f1adi\u00f3 que, pese a ello, el dictamen fue aprobado por mayor\u00eda, no por unanimidad.<\/p>\n\n\n\n<p>El edil indic\u00f3 que, por ese motivo, vot\u00f3 en abstenci\u00f3n y no a favor, durante una sesi\u00f3n extraordinaria de Cabildo en la que se plante\u00f3 la prohibici\u00f3n de veh\u00edculos automotores en el parque mencionado.<\/p>\n\n\n\n<p>El entrevistado destac\u00f3 que los ediles no conocieron con anticipaci\u00f3n los dict\u00e1menes de Protecci\u00f3n Civil y Parques y Jardines, adem\u00e1s de que \u00e9stos no pasaron por la Comisi\u00f3n de Comercio para su an\u00e1lisis.<\/p>\n\n\n\n<p>\u201cTampoco pas\u00f3 por la comisi\u00f3n de parques y jardines. Yo hice la pregunta pertinente en la sesi\u00f3n y me respondieron que era propuesta de \u00e9l (Presidente Municipal) y al no tener la informaci\u00f3n necesaria vot\u00e9 en abstenci\u00f3n sobre el tema porque es necesario que los regidores estemos bien informados con anterioridad lo que vamos a votar\u201d, sostuvo.<\/p>\n\n\n\n<p>Gonz\u00e1lez Villag\u00f3mez enfatiz\u00f3 que no hay antecedentes de accidentes o alguna cuesti\u00f3n que atente contra la vialidad y sobre todo contra la ni\u00f1ez.<\/p>\n\n\n\n<p>Cabe recordar que el pasado lunes 27 de diciembre, se public\u00f3 en la Gaceta Municipal el acuerdo 238 en el que se establece que el Cabildo xalape\u00f1o decidi\u00f3 prohibir el uso de veh\u00edculos automotores al interior de \u201cLos Berros\u201d.<\/p>\n\n\n\n<p>El mi\u00e9rcoles 8 de diciembre, los trabajadores protestaron y cerraron el centro de la capital del estado para exigir que les permitieran reanudar su ruta al interior del parque mencionado.<\/p>\n\n\n\n<p>Su petici\u00f3n fue ignorada y, por ende, el tranv\u00eda, considerado un \u00edcono emblem\u00e1tico xalape\u00f1o, no podr\u00e1 operar nuevamente.<\/p>\n","protected":false},"excerpt":{"rendered":"<p>Juan Arcos Xalapa, Ver.- Las regidoras y regidores del ayuntamiento de Xalapa desconoc\u00edan la propuesta del alcalde Hip\u00f3lito Rodr\u00edguez Herrero para prohibir la operaci\u00f3n del tranv\u00eda \u201cEl Pijoto\u201d al interior del parque \u201cMiguel Hidalgo y Costilla\u201d, mejor conocido como \u201cLos Berros\u201d. As\u00ed lo confirm\u00f3 el regidor titular de la comisi\u00f3n edilicia de Comercio, Francisco Javier [&hellip;]<\/p>\n","protected":false},"author":1,"featured_media":21706,"comment_status":"open","ping_status":"open","sticky":false,"template":"","format":"standard","meta":{"_jetpack_memberships_contains_paid_content":false,"footnotes":""},"categories":[3],"tags":[],"class_list":["post-21705","post","type-post","status-publish","format-standard","has-post-thumbnail","hentry","category-xalapa"],"jetpack_featured_media_url":"https:\/\/encuentroinformativo.com.mx\/wp-content\/uploads\/2021\/12\/32358042-2A04-4702-9100-797DD9C1831F.jpeg","jetpack_sharing_enabled":true,"jetpack_likes_enabled":true,"amp_enabled":true,"_links":{"self":[{"href":"https:\/\/encuentroinformativo.com.mx\/index.php?rest_route=\/wp\/v2\/posts\/21705","targetHints":{"allow":["GET"]}}],"collection":[{"href":"https:\/\/encuentroinformativo.com.mx\/index.php?rest_route=\/wp\/v2\/posts"}],"about":[{"href":"https:\/\/encuentroinformativo.com.mx\/index.php?rest_route=\/wp\/v2\/types\/post"}],"author":[{"embeddable":true,"href":"https:\/\/encuentroinformativo.com.mx\/index.php?rest_route=\/wp\/v2\/users\/1"}],"replies":[{"embeddable":true,"href":"https:\/\/encuentroinformativo.com.mx\/index.php?rest_route=%2Fwp%2Fv2%2Fcomments&post=21705"}],"version-history":[{"count":1,"href":"https:\/\/encuentroinformativo.com.mx\/index.php?rest_route=\/wp\/v2\/posts\/21705\/revisions"}],"predecessor-version":[{"id":21707,"href":"https:\/\/encuentroinformativo.com.mx\/index.php?rest_route=\/wp\/v2\/posts\/21705\/revisions\/21707"}],"wp:featuredmedia":[{"embeddable":true,"href":"https:\/\/encuentroinformativo.com.mx\/index.php?rest_route=\/wp\/v2\/media\/21706"}],"wp:attachment":[{"href":"https:\/\/encuentroinformativo.com.mx\/index.php?rest_route=%2Fwp%2Fv2%2Fmedia&parent=21705"}],"wp:term":[{"taxonomy":"category","embeddable":true,"href":"https:\/\/encuentroinformativo.com.mx\/index.php?rest_route=%2Fwp%2Fv2%2Fcategories&post=21705"},{"taxonomy":"post_tag","embeddable":true,"href":"https:\/\/encuentroinformativo.com.mx\/index.php?rest_route=%2Fwp%2Fv2%2Ftags&post=21705"}],"curies":[{"name":"wp","href":"https:\/\/api.w.org\/{rel}","templated":true}]}}