{"id":21708,"date":"2021-12-30T00:52:11","date_gmt":"2021-12-30T06:52:11","guid":{"rendered":"https:\/\/encuentroinformativo.com.mx\/?p=21708"},"modified":"2021-12-30T00:52:15","modified_gmt":"2021-12-30T06:52:15","slug":"sofocan-incendio-en-refineria-de-minatitlan","status":"publish","type":"post","link":"https:\/\/encuentroinformativo.com.mx\/?p=21708","title":{"rendered":"Sofocan incendio en refiner\u00eda de Minatitl\u00e1n"},"content":{"rendered":"\n<p><strong>Juan Arcos<\/strong><\/p>\n\n\n\n<p>Xalapa, Ver.- Fuerzas de tarea de los tres niveles de gobierno atendieron un incendio registrado a las 22:30 horas de este mi\u00e9rcoles 29 de diciembre en la refiner\u00eda L\u00e1zaro C\u00e1rdenas del municipio de Minatitl\u00e1n, al sur del estado de Veracruz.<\/p>\n\n\n\n<p>La Secretar\u00eda de Protecci\u00f3n Civil (PC), a cargo de Guadalupe Osorno Maldonado, inform\u00f3 en un breve comunicado que el siniestro fue controlado.<\/p>\n\n\n\n<p>La dependencia estatal tambi\u00e9n dio a conocer que hasta el momento no hay reporte de personas lesionadas y que el incendio representa un riesgo para la poblaci\u00f3n.\u00a0<br>Personal interno de la refiner\u00eda realiz\u00f3 las labores correspondientes para el control del incendio, en coordinaci\u00f3n con fuerzas de tarea estatales y locales para acordonar el \u00e1rea, as\u00ed como combatir y sofocar el fuego.<\/p>\n\n\n\n<p>En el sitio se encuentran elementos de Petr\u00f3leos Mexicanos (PEMEX), Secretar\u00eda de Marina (SEMAR), Secretar\u00eda de Seguridad P\u00fablica (SSP), PC Estatal y municipal, as\u00ed como del Cuerpo de Bomberos.<\/p>\n\n\n\n<p>Familias de la colonia obrera, aleda\u00f1as a la refiner\u00eda L\u00e1zaro C\u00e1rdenas se alarmaron tras la explosi\u00f3n y el incendio que ocasionaron grandes columnas de fuego y humo.<\/p>\n\n\n\n<p>De acuerdo con datos preliminares, el incidente pudo haber ocurrido en la torre de enfriamiento de agua de la planta U-100.\u00a0<br>Cabe recordar que el pasado 7 de abril, se registr\u00f3 un fuerte incendio al interior de la misma refiner\u00eda, donde resultaron siete personas lesionadas, seg\u00fan inform\u00f3 PEMEX.<\/p>\n\n\n\n<p>Hasta el momento, la empresa Petr\u00f3leos Mexicanos no ha emitido un comunicado al respecto.<\/p>\n","protected":false},"excerpt":{"rendered":"<p>Juan Arcos Xalapa, Ver.- Fuerzas de tarea de los tres niveles de gobierno atendieron un incendio registrado a las 22:30 horas de este mi\u00e9rcoles 29 de diciembre en la refiner\u00eda L\u00e1zaro C\u00e1rdenas del municipio de Minatitl\u00e1n, al sur del estado de Veracruz. La Secretar\u00eda de Protecci\u00f3n Civil (PC), a cargo de Guadalupe Osorno Maldonado, inform\u00f3 [&hellip;]<\/p>\n","protected":false},"author":1,"featured_media":21709,"comment_status":"open","ping_status":"open","sticky":false,"template":"","format":"standard","meta":{"_jetpack_memberships_contains_paid_content":false,"footnotes":""},"categories":[2],"tags":[],"class_list":["post-21708","post","type-post","status-publish","format-standard","has-post-thumbnail","hentry","category-estado"],"jetpack_featured_media_url":"https:\/\/encuentroinformativo.com.mx\/wp-content\/uploads\/2021\/12\/CD638F10-6148-40E3-996F-09665AE508D2.jpeg","jetpack_sharing_enabled":true,"jetpack_likes_enabled":true,"amp_enabled":true,"_links":{"self":[{"href":"https:\/\/encuentroinformativo.com.mx\/index.php?rest_route=\/wp\/v2\/posts\/21708","targetHints":{"allow":["GET"]}}],"collection":[{"href":"https:\/\/encuentroinformativo.com.mx\/index.php?rest_route=\/wp\/v2\/posts"}],"about":[{"href":"https:\/\/encuentroinformativo.com.mx\/index.php?rest_route=\/wp\/v2\/types\/post"}],"author":[{"embeddable":true,"href":"https:\/\/encuentroinformativo.com.mx\/index.php?rest_route=\/wp\/v2\/users\/1"}],"replies":[{"embeddable":true,"href":"https:\/\/encuentroinformativo.com.mx\/index.php?rest_route=%2Fwp%2Fv2%2Fcomments&post=21708"}],"version-history":[{"count":1,"href":"https:\/\/encuentroinformativo.com.mx\/index.php?rest_route=\/wp\/v2\/posts\/21708\/revisions"}],"predecessor-version":[{"id":21710,"href":"https:\/\/encuentroinformativo.com.mx\/index.php?rest_route=\/wp\/v2\/posts\/21708\/revisions\/21710"}],"wp:featuredmedia":[{"embeddable":true,"href":"https:\/\/encuentroinformativo.com.mx\/index.php?rest_route=\/wp\/v2\/media\/21709"}],"wp:attachment":[{"href":"https:\/\/encuentroinformativo.com.mx\/index.php?rest_route=%2Fwp%2Fv2%2Fmedia&parent=21708"}],"wp:term":[{"taxonomy":"category","embeddable":true,"href":"https:\/\/encuentroinformativo.com.mx\/index.php?rest_route=%2Fwp%2Fv2%2Fcategories&post=21708"},{"taxonomy":"post_tag","embeddable":true,"href":"https:\/\/encuentroinformativo.com.mx\/index.php?rest_route=%2Fwp%2Fv2%2Ftags&post=21708"}],"curies":[{"name":"wp","href":"https:\/\/api.w.org\/{rel}","templated":true}]}}