{"id":21711,"date":"2021-12-30T10:21:53","date_gmt":"2021-12-30T16:21:53","guid":{"rendered":"https:\/\/encuentroinformativo.com.mx\/?p=21711"},"modified":"2021-12-30T10:21:57","modified_gmt":"2021-12-30T16:21:57","slug":"justicia","status":"publish","type":"post","link":"https:\/\/encuentroinformativo.com.mx\/?p=21711","title":{"rendered":"Justicia"},"content":{"rendered":"\n<p><strong>Los Pol\u00edticos<\/strong><\/p>\n\n\n\n<p><strong>Salvador Mu\u00f1oz<\/strong><\/p>\n\n\n\n<p>Es posible que el t\u00e9rmino tenga otras definiciones propias de quienes se encargan de su estudio y de su aplicaci\u00f3n; para quienes la claman, pudiera tener el nombre de Ausencia y Abandono con el apellido de las instituciones encargadas de darla; para quienes la reciben, es la obtenci\u00f3n de lo que se merecen; pero cuando se aplica en Pol\u00edticos, pareciera que la Justicia tiene m\u00e1s cara de Venganza; es entonces que se habla de Presos Pol\u00edticos o Pol\u00edticos Presos.<\/p>\n\n\n\n<p>Impregnar con esta idea de Justicia emparentada con Venganza a la detenci\u00f3n de un personaje de la far\u00e1ndula pol\u00edtica a la sociedad que se acerca a los menesteres del ejercicio del poder, ya sea por curiosidad, inter\u00e9s, trabajo o por circunstancia, lleva a la decepci\u00f3n, incertidumbre y recelo contra las autoridades que se involucran: Fiscal\u00edas, Juzgados, Poder Ejecutivo, Legislativo, y los que salpiquen.<\/p>\n\n\n\n<p>\u00bfPor qu\u00e9? Porque cuando se detiene a un pol\u00edtico, hay dos bandos: los que hablan de la aplicaci\u00f3n de las Leyes y de los que hablan del torcimiento de las Leyes.<\/p>\n\n\n\n<p>En torno a la detenci\u00f3n de un pol\u00edtico, no deja de haber una bifurcaci\u00f3n en su entorno y depende mucho, la percepci\u00f3n que se tenga de \u00e9ste.<\/p>\n\n\n\n<p>Por un lado, puede haber un fest\u00edn popular, propio del sentir social de un pueblo que ve la mayor parte de las veces al pol\u00edtico como un ente que usa el cargo para enriquecerse. Ser testigo de la ca\u00edda del poderoso en el lugar que muchas veces se consider\u00f3 un espacio para el pobre y desafortunado, la c\u00e1rcel, es una victoria para el Pueblo y de vez en cuando nuestros gobiernos tienden a darnos este Pan y Circo como un remanso a nuestros resentimientos sociales.<\/p>\n\n\n\n<p>Por otro lado, a otra parte de la sociedad le cuesta trabajo creer en sus autoridades, en sus gobiernos, en sus representantes, por eso, es m\u00e1s f\u00e1cil victimizar a un pol\u00edtico que condenarlo, si no me cree, s\u00f3lo recuerde el caso de Javier Duarte de Ochoa, quien a pesar de haberse convertido en el villano favorito de M\u00e9xico, no falt\u00f3 que por un momento ocupara el espacio de Chivo Expiatorio de todo un sistema y partido involucrado en la corrupci\u00f3n: Mejor que cayera un Gobernador a todo un Sistema.<\/p>\n\n\n\n<p>Casos varios hay donde la aplicaci\u00f3n de las Leyes en aras de impartir Justicia se vieron envueltos en celof\u00e1n de Venganza, como cuando fue detenido La Quina\u2026 como cuando fue detenido Dante Delgado Rannauro\u2026 como cuando fue detenida Rosario Robles\u2026 y como ahora dicen han sido detenidos Rogelio Franco Cast\u00e1n, Tito Delf\u00edn Cano y recientemente Jos\u00e9 Manuel del R\u00edo Virgen, por citar algunos casos.<\/p>\n\n\n\n<p>Llevar tras las rejas a un pol\u00edtico desencadena, como lo dijimos l\u00edneas arriba, decepci\u00f3n, incertidumbre y recelo de una sociedad hacia las autoridades que se involucran por un pensamiento simplista generado por el choque de opiniones de las partes involucradas, como en el reciente caso de Del R\u00edo Virgen, donde se habla de un revanchismo pol\u00edtico de un Gobernador y donde la Fiscal\u00eda sostiene que tiene los pelos de la burra para encarcelar a su sospechoso: si eso lo hacen con un poderoso, qu\u00e9 no har\u00e1n con un ciudadano com\u00fan y corriente.<\/p>\n\n\n\n<p>El precio a pagar sigue siendo el mismo cuando la Justicia y las Leyes se llevan a la arena de la politiquer\u00eda: aumenta la falta de credibilidad en el pol\u00edtico, en los gobiernos, en los poderes\u2026 por eso quiz\u00e1s sea m\u00e1s f\u00e1cil creer en un Loret de Mola, en un Brozo, en un AMLO en sus ma\u00f1aneras, \u00a1o en la T\u00eda Justa! quien al menos en su nombre, ya da a cada quien, lo que merece.<\/p>\n\n\n\n<p><a href=\"mailto:smcainito@gmail.com\" target=\"_blank\" rel=\"noreferrer noopener\">smcainito@gmail.com<\/a><\/p>\n","protected":false},"excerpt":{"rendered":"<p>Los Pol\u00edticos Salvador Mu\u00f1oz Es posible que el t\u00e9rmino tenga otras definiciones propias de quienes se encargan de su estudio y de su aplicaci\u00f3n; para quienes la claman, pudiera tener el nombre de Ausencia y Abandono con el apellido de las instituciones encargadas de darla; para quienes la reciben, es la obtenci\u00f3n de lo que [&hellip;]<\/p>\n","protected":false},"author":1,"featured_media":387,"comment_status":"open","ping_status":"open","sticky":false,"template":"","format":"standard","meta":{"_jetpack_memberships_contains_paid_content":false,"footnotes":""},"categories":[11],"tags":[],"class_list":["post-21711","post","type-post","status-publish","format-standard","has-post-thumbnail","hentry","category-opinion"],"jetpack_featured_media_url":"https:\/\/encuentroinformativo.com.mx\/wp-content\/uploads\/2020\/03\/7CF8A22B-2764-47BE-8F7F-38FE9E5D6A2F.jpeg","jetpack_sharing_enabled":true,"jetpack_likes_enabled":true,"amp_enabled":true,"_links":{"self":[{"href":"https:\/\/encuentroinformativo.com.mx\/index.php?rest_route=\/wp\/v2\/posts\/21711","targetHints":{"allow":["GET"]}}],"collection":[{"href":"https:\/\/encuentroinformativo.com.mx\/index.php?rest_route=\/wp\/v2\/posts"}],"about":[{"href":"https:\/\/encuentroinformativo.com.mx\/index.php?rest_route=\/wp\/v2\/types\/post"}],"author":[{"embeddable":true,"href":"https:\/\/encuentroinformativo.com.mx\/index.php?rest_route=\/wp\/v2\/users\/1"}],"replies":[{"embeddable":true,"href":"https:\/\/encuentroinformativo.com.mx\/index.php?rest_route=%2Fwp%2Fv2%2Fcomments&post=21711"}],"version-history":[{"count":1,"href":"https:\/\/encuentroinformativo.com.mx\/index.php?rest_route=\/wp\/v2\/posts\/21711\/revisions"}],"predecessor-version":[{"id":21712,"href":"https:\/\/encuentroinformativo.com.mx\/index.php?rest_route=\/wp\/v2\/posts\/21711\/revisions\/21712"}],"wp:featuredmedia":[{"embeddable":true,"href":"https:\/\/encuentroinformativo.com.mx\/index.php?rest_route=\/wp\/v2\/media\/387"}],"wp:attachment":[{"href":"https:\/\/encuentroinformativo.com.mx\/index.php?rest_route=%2Fwp%2Fv2%2Fmedia&parent=21711"}],"wp:term":[{"taxonomy":"category","embeddable":true,"href":"https:\/\/encuentroinformativo.com.mx\/index.php?rest_route=%2Fwp%2Fv2%2Fcategories&post=21711"},{"taxonomy":"post_tag","embeddable":true,"href":"https:\/\/encuentroinformativo.com.mx\/index.php?rest_route=%2Fwp%2Fv2%2Ftags&post=21711"}],"curies":[{"name":"wp","href":"https:\/\/api.w.org\/{rel}","templated":true}]}}