{"id":21713,"date":"2021-12-30T10:37:31","date_gmt":"2021-12-30T16:37:31","guid":{"rendered":"https:\/\/encuentroinformativo.com.mx\/?p=21713"},"modified":"2021-12-30T10:37:35","modified_gmt":"2021-12-30T16:37:35","slug":"presupuesto-aumento-para-servicios-personales-acusa-diputado","status":"publish","type":"post","link":"https:\/\/encuentroinformativo.com.mx\/?p=21713","title":{"rendered":"Presupuesto aumento para servicios personales, acusa Diputado"},"content":{"rendered":"\n<p><strong>Alejandro \u00c1vila<\/strong><\/p>\n\n\n\n<p>Veracruz, Ver.- El presupuesto de Veracruz para 2022 no atiende las necesidades que est\u00e1 sufriendo la entidad veracruzana, acus\u00f3 el diputado local, Bingen Rementer\u00eda Molina; destac\u00f3 que las Secretar\u00edas de Salud, Desarrollo Econ\u00f3mico y Seguridad P\u00fablica no aumentaron su presupuesto, siendo esto una parte fundamental para mejorar la calidad de vida de los veracruzanos.<\/p>\n\n\n\n<p>Expuso que tal pareciera que Gobierno del Estado est\u00e1 satisfecho con el desempe\u00f1o realizado durante la pandemia y sus efectos, en materia de Salud y Desarrollo Econ\u00f3mico; en cambio sorprende que hablan los morenistas sobre austeridad, pero aprobaron una partida denominada \u201cservicios personales\u201d, la cual aument\u00f3 en 10 por ciento.<\/p>\n\n\n\n<p>\u201cSabes que significa eso, cuatro mil millones de pesos en aumento. Quiero hacerte una pregunta, \u00bfC\u00f3mo es posible que los servicios personales, que no son nada m\u00e1s que los sueldos y salarios de los funcionarios del Estado, aumenten, \u00f3sea la plantilla laboral aumente del a\u00f1o a otro, 10 por ciento? \u00bfC\u00f3mo le hicieron entonces el a\u00f1o pasado, para que funcionara, para que hubiera un Gobierno del Estado andando, y ahora simplemente necesitan un aumento del 10 por ciento?\u201d, mencion\u00f3.<\/p>\n\n\n\n<p>El panista asegur\u00f3 que incluso en la Junta de Coordinaci\u00f3n Pol\u00edtica (JUCOPO) del Congreso del Estado de Veracruz se le solicit\u00f3 detalles de la situaci\u00f3n al secretario de Finanzas y Planeaci\u00f3n, Jos\u00e9 Luis Lima Franco, acci\u00f3n que nunca respondi\u00f3.<\/p>\n\n\n\n<p>\u201c\u00bfQue nos lleva a pensar eso?, que hay m\u00e1s escoltas, que hay m\u00e1s choferes, que hay nuevos empleados, que hay gente que se est\u00e1 contratando pero que no est\u00e1 trabajando. Yo te creo que aumenten 1 -2, \u00bfpero 10 por ciento su plantilla laboral en un solo a\u00f1o?, me parece verdaderamente incre\u00edble\u201d, remat\u00f3.<\/p>\n\n\n\n<p>Finalmente, Rementeria Molina asegur\u00f3 que desde un inicio estuvo en contra de la propuesta del presupuesto 2022 del Estado de Veracruz y esa situaci\u00f3n la reflej\u00f3 con su voto en contra; aunado a ello, presentar\u00e1 un breve una iniciativa para que los gobernadores informen a los legisladores, cualquier cambio en el uso del presupuesto.<\/p>\n","protected":false},"excerpt":{"rendered":"<p>Alejandro \u00c1vila Veracruz, Ver.- El presupuesto de Veracruz para 2022 no atiende las necesidades que est\u00e1 sufriendo la entidad veracruzana, acus\u00f3 el diputado local, Bingen Rementer\u00eda Molina; destac\u00f3 que las Secretar\u00edas de Salud, Desarrollo Econ\u00f3mico y Seguridad P\u00fablica no aumentaron su presupuesto, siendo esto una parte fundamental para mejorar la calidad de vida de los [&hellip;]<\/p>\n","protected":false},"author":1,"featured_media":21714,"comment_status":"open","ping_status":"open","sticky":false,"template":"","format":"standard","meta":{"_jetpack_memberships_contains_paid_content":false,"footnotes":""},"categories":[2],"tags":[],"class_list":["post-21713","post","type-post","status-publish","format-standard","has-post-thumbnail","hentry","category-estado"],"jetpack_featured_media_url":"https:\/\/encuentroinformativo.com.mx\/wp-content\/uploads\/2021\/12\/0F13F62D-4E28-401E-ADD1-78B2D4B440B3.jpeg","jetpack_sharing_enabled":true,"jetpack_likes_enabled":true,"amp_enabled":true,"_links":{"self":[{"href":"https:\/\/encuentroinformativo.com.mx\/index.php?rest_route=\/wp\/v2\/posts\/21713","targetHints":{"allow":["GET"]}}],"collection":[{"href":"https:\/\/encuentroinformativo.com.mx\/index.php?rest_route=\/wp\/v2\/posts"}],"about":[{"href":"https:\/\/encuentroinformativo.com.mx\/index.php?rest_route=\/wp\/v2\/types\/post"}],"author":[{"embeddable":true,"href":"https:\/\/encuentroinformativo.com.mx\/index.php?rest_route=\/wp\/v2\/users\/1"}],"replies":[{"embeddable":true,"href":"https:\/\/encuentroinformativo.com.mx\/index.php?rest_route=%2Fwp%2Fv2%2Fcomments&post=21713"}],"version-history":[{"count":1,"href":"https:\/\/encuentroinformativo.com.mx\/index.php?rest_route=\/wp\/v2\/posts\/21713\/revisions"}],"predecessor-version":[{"id":21715,"href":"https:\/\/encuentroinformativo.com.mx\/index.php?rest_route=\/wp\/v2\/posts\/21713\/revisions\/21715"}],"wp:featuredmedia":[{"embeddable":true,"href":"https:\/\/encuentroinformativo.com.mx\/index.php?rest_route=\/wp\/v2\/media\/21714"}],"wp:attachment":[{"href":"https:\/\/encuentroinformativo.com.mx\/index.php?rest_route=%2Fwp%2Fv2%2Fmedia&parent=21713"}],"wp:term":[{"taxonomy":"category","embeddable":true,"href":"https:\/\/encuentroinformativo.com.mx\/index.php?rest_route=%2Fwp%2Fv2%2Fcategories&post=21713"},{"taxonomy":"post_tag","embeddable":true,"href":"https:\/\/encuentroinformativo.com.mx\/index.php?rest_route=%2Fwp%2Fv2%2Ftags&post=21713"}],"curies":[{"name":"wp","href":"https:\/\/api.w.org\/{rel}","templated":true}]}}