{"id":21716,"date":"2021-12-30T12:31:12","date_gmt":"2021-12-30T18:31:12","guid":{"rendered":"https:\/\/encuentroinformativo.com.mx\/?p=21716"},"modified":"2021-12-30T12:31:16","modified_gmt":"2021-12-30T18:31:16","slug":"presenta-paty-lobeira-gabinete-de-ayuntamiento-de-veracruz","status":"publish","type":"post","link":"https:\/\/encuentroinformativo.com.mx\/?p=21716","title":{"rendered":"Presenta Paty Lobeira Gabinete de Ayuntamiento de Veracruz"},"content":{"rendered":"\n<p><strong>Alejandro \u00c1vila<\/strong><\/p>\n\n\n\n<p>Veracruz, Ver.- Este jueves por la ma\u00f1ana la alcaldesa electa Patricia Lobeira Rodr\u00edguez, present\u00f3 al Gabinete que la acompa\u00f1ar\u00e1 en el Ayuntamiento de Veracruz del 2022 al 2025.<\/p>\n\n\n\n<p>En la presentaci\u00f3n de los directores, 12 repitieron el cargo; Comercio, Desarrollo Econ\u00f3mico, Obras P\u00fablicas, Instituto Municipal de la Mujer, Protecci\u00f3n Civil, Limpia P\u00fablica, Registro Civil, Instituto Municipal de la Vivienda, Desarrollo Social, Polic\u00eda Municipal, Servicios Generales, aunque Jos\u00e9 Antonio Salvatori pas\u00f3 de la direcci\u00f3n de Turismo a Fomento Deportivo.<\/p>\n\n\n\n<p>Adem\u00e1s, fueron presentados 3 a\u00fan regidores de Veracruz como nuevos directores; X\u00f3chitl Arzaba Hern\u00e1ndez en el DIF Municipal; Ricardo G\u00f3mez Valdivia en Parques y Jard\u00ednes; y Jos\u00e9 Antonio Salazar R\u00edos en Mantenimiento Urbano.<\/p>\n\n\n\n<p>Durante su discurso, Patricia Lobeira Rodr\u00edguez, asegur\u00f3 que durante su gobierno no se tolerar\u00e1 el m\u00e1s m\u00ednimo acto de corrupci\u00f3n y solicit\u00f3 a sus colaboradores a trabajar con total transparencia.<\/p>\n\n\n\n<p>&#8220;Mi gobierno ser\u00e1 cercano y sensible a las necesidades de las personas, a raz de piso como lo fue nuestra campa\u00f1a; ser\u00e1 un gobierno que atienda las necesidades e inquietudes de toda la poblaci\u00f3n sin distingo de color, ni de partido. Les deseo a todas y a todos, el mayor de los \u00e9xitos en su gesti\u00f3n&#8221;, subray\u00f3.<\/p>\n\n\n\n<p>La toma de protesta de Patricia Lobeira Rodr\u00edguez, ser\u00e1 este viernes 31 de diciembre en la Plaza de la Rep\u00fablica a las 11:30 horas.<\/p>\n","protected":false},"excerpt":{"rendered":"<p>Alejandro \u00c1vila Veracruz, Ver.- Este jueves por la ma\u00f1ana la alcaldesa electa Patricia Lobeira Rodr\u00edguez, present\u00f3 al Gabinete que la acompa\u00f1ar\u00e1 en el Ayuntamiento de Veracruz del 2022 al 2025. En la presentaci\u00f3n de los directores, 12 repitieron el cargo; Comercio, Desarrollo Econ\u00f3mico, Obras P\u00fablicas, Instituto Municipal de la Mujer, Protecci\u00f3n Civil, Limpia P\u00fablica, Registro [&hellip;]<\/p>\n","protected":false},"author":1,"featured_media":21717,"comment_status":"open","ping_status":"open","sticky":false,"template":"","format":"standard","meta":{"_jetpack_memberships_contains_paid_content":false,"footnotes":""},"categories":[2],"tags":[],"class_list":["post-21716","post","type-post","status-publish","format-standard","has-post-thumbnail","hentry","category-estado"],"jetpack_featured_media_url":"https:\/\/encuentroinformativo.com.mx\/wp-content\/uploads\/2021\/12\/EA567899-A4B9-4A46-B86E-BC9D30402E3E.jpeg","jetpack_sharing_enabled":true,"jetpack_likes_enabled":true,"amp_enabled":true,"_links":{"self":[{"href":"https:\/\/encuentroinformativo.com.mx\/index.php?rest_route=\/wp\/v2\/posts\/21716","targetHints":{"allow":["GET"]}}],"collection":[{"href":"https:\/\/encuentroinformativo.com.mx\/index.php?rest_route=\/wp\/v2\/posts"}],"about":[{"href":"https:\/\/encuentroinformativo.com.mx\/index.php?rest_route=\/wp\/v2\/types\/post"}],"author":[{"embeddable":true,"href":"https:\/\/encuentroinformativo.com.mx\/index.php?rest_route=\/wp\/v2\/users\/1"}],"replies":[{"embeddable":true,"href":"https:\/\/encuentroinformativo.com.mx\/index.php?rest_route=%2Fwp%2Fv2%2Fcomments&post=21716"}],"version-history":[{"count":1,"href":"https:\/\/encuentroinformativo.com.mx\/index.php?rest_route=\/wp\/v2\/posts\/21716\/revisions"}],"predecessor-version":[{"id":21718,"href":"https:\/\/encuentroinformativo.com.mx\/index.php?rest_route=\/wp\/v2\/posts\/21716\/revisions\/21718"}],"wp:featuredmedia":[{"embeddable":true,"href":"https:\/\/encuentroinformativo.com.mx\/index.php?rest_route=\/wp\/v2\/media\/21717"}],"wp:attachment":[{"href":"https:\/\/encuentroinformativo.com.mx\/index.php?rest_route=%2Fwp%2Fv2%2Fmedia&parent=21716"}],"wp:term":[{"taxonomy":"category","embeddable":true,"href":"https:\/\/encuentroinformativo.com.mx\/index.php?rest_route=%2Fwp%2Fv2%2Fcategories&post=21716"},{"taxonomy":"post_tag","embeddable":true,"href":"https:\/\/encuentroinformativo.com.mx\/index.php?rest_route=%2Fwp%2Fv2%2Ftags&post=21716"}],"curies":[{"name":"wp","href":"https:\/\/api.w.org\/{rel}","templated":true}]}}