{"id":21722,"date":"2021-12-30T14:29:35","date_gmt":"2021-12-30T20:29:35","guid":{"rendered":"https:\/\/encuentroinformativo.com.mx\/?p=21722"},"modified":"2021-12-30T14:29:38","modified_gmt":"2021-12-30T20:29:38","slug":"se-mantendra-relacion-con-todos-los-alcaldes-gobernador","status":"publish","type":"post","link":"https:\/\/encuentroinformativo.com.mx\/?p=21722","title":{"rendered":"Se mantendr\u00e1 relaci\u00f3n con todos los alcaldes: Gobernador"},"content":{"rendered":"\n<p><strong>Dar\u00edo Pale <\/strong><\/p>\n\n\n\n<p>Xalapa, Ver.- El gobernador del estado Cuitl\u00e1huac Garc\u00eda Jim\u00e9nez dio a conocer que tras fallo de la sala Superior del Tribunal Electoral del Poder Judicial de la Federaci\u00f3n (TEPJF), sobre la elecci\u00f3n de Veracruz respondi\u00f3 que &#8220;quien sea la autoridad municipal en el puerto de Veracruz nos vamos llevar bien&#8221;.<\/p>\n\n\n\n<p>En conferencia de prensa realizada en la sala de Banderas de Palacio de Gobierno, se\u00f1al\u00f3 que despu\u00e9s de que \u00e9l TEPJF ratificara el triunfo de la alcaldesa electa de Veracruz, Patricia Lobeira, el gobernador expres\u00f3 que, &#8220;no hab\u00eda revisado la informaci\u00f3n, pero como ya hab\u00eda afirmado, quien sea la autoridad municipal en el puerto de Veracruz nos vamos llevar bien, vamos a coordinarnos&#8221;.<\/p>\n\n\n\n<p>&#8220;Nos interesa mucho volver a impulsar varios eventos en la zona conurbada Veracruz &#8211; Boca del R\u00edo a fin de revitalizar la actividad tur\u00edstica en esa regi\u00f3n, por lo tanto tendremos que estar comunic\u00e1ndonos con ambos alcaldes, la alcaldesa, porque s\u00ed es de nuestro inter\u00e9s impulsar acciones a fin de reactivar la econom\u00eda local&#8221;, se\u00f1al\u00f3.<\/p>\n\n\n\n<p>Expres\u00f3 que as\u00ed como no hubo ning\u00fan problema con el cu\u00f1ado de Lobeira, no lo habr\u00e1 con ella.<\/p>\n\n\n\n<p>En otro orden de ideas, dijo que no ten\u00eda informaci\u00f3n en relaci\u00f3n a la alcaldesa electa de Alvarado, Lizeette \u00c1lvarez Vera, de quien trascendi\u00f3 ayer que est\u00e1 pr\u00f3fuga de la justicia.<\/p>\n\n\n\n<p>Finalmente el Gobernador defini\u00f3 que es la alcaldesa electa y deber\u00e1 tomar posesi\u00f3n este 31 de diciembre, con quien tambi\u00e9n habr\u00eda coordinaci\u00f3n por parte de su administraci\u00f3n, &#8220;sin problema&#8221;.<\/p>\n","protected":false},"excerpt":{"rendered":"<p>Dar\u00edo Pale Xalapa, Ver.- El gobernador del estado Cuitl\u00e1huac Garc\u00eda Jim\u00e9nez dio a conocer que tras fallo de la sala Superior del Tribunal Electoral del Poder Judicial de la Federaci\u00f3n (TEPJF), sobre la elecci\u00f3n de Veracruz respondi\u00f3 que &#8220;quien sea la autoridad municipal en el puerto de Veracruz nos vamos llevar bien&#8221;. En conferencia de [&hellip;]<\/p>\n","protected":false},"author":1,"featured_media":21723,"comment_status":"open","ping_status":"open","sticky":false,"template":"","format":"standard","meta":{"_jetpack_memberships_contains_paid_content":false,"footnotes":""},"categories":[2],"tags":[],"class_list":["post-21722","post","type-post","status-publish","format-standard","has-post-thumbnail","hentry","category-estado"],"jetpack_featured_media_url":"https:\/\/encuentroinformativo.com.mx\/wp-content\/uploads\/2021\/12\/E2975B67-F936-4462-8AA7-25F824D8C4AB.jpeg","jetpack_sharing_enabled":true,"jetpack_likes_enabled":true,"amp_enabled":true,"_links":{"self":[{"href":"https:\/\/encuentroinformativo.com.mx\/index.php?rest_route=\/wp\/v2\/posts\/21722","targetHints":{"allow":["GET"]}}],"collection":[{"href":"https:\/\/encuentroinformativo.com.mx\/index.php?rest_route=\/wp\/v2\/posts"}],"about":[{"href":"https:\/\/encuentroinformativo.com.mx\/index.php?rest_route=\/wp\/v2\/types\/post"}],"author":[{"embeddable":true,"href":"https:\/\/encuentroinformativo.com.mx\/index.php?rest_route=\/wp\/v2\/users\/1"}],"replies":[{"embeddable":true,"href":"https:\/\/encuentroinformativo.com.mx\/index.php?rest_route=%2Fwp%2Fv2%2Fcomments&post=21722"}],"version-history":[{"count":1,"href":"https:\/\/encuentroinformativo.com.mx\/index.php?rest_route=\/wp\/v2\/posts\/21722\/revisions"}],"predecessor-version":[{"id":21724,"href":"https:\/\/encuentroinformativo.com.mx\/index.php?rest_route=\/wp\/v2\/posts\/21722\/revisions\/21724"}],"wp:featuredmedia":[{"embeddable":true,"href":"https:\/\/encuentroinformativo.com.mx\/index.php?rest_route=\/wp\/v2\/media\/21723"}],"wp:attachment":[{"href":"https:\/\/encuentroinformativo.com.mx\/index.php?rest_route=%2Fwp%2Fv2%2Fmedia&parent=21722"}],"wp:term":[{"taxonomy":"category","embeddable":true,"href":"https:\/\/encuentroinformativo.com.mx\/index.php?rest_route=%2Fwp%2Fv2%2Fcategories&post=21722"},{"taxonomy":"post_tag","embeddable":true,"href":"https:\/\/encuentroinformativo.com.mx\/index.php?rest_route=%2Fwp%2Fv2%2Ftags&post=21722"}],"curies":[{"name":"wp","href":"https:\/\/api.w.org\/{rel}","templated":true}]}}