{"id":21739,"date":"2021-12-30T17:24:15","date_gmt":"2021-12-30T23:24:15","guid":{"rendered":"https:\/\/encuentroinformativo.com.mx\/?p=21739"},"modified":"2021-12-30T17:24:19","modified_gmt":"2021-12-30T23:24:19","slug":"tepjf-anula-elecciones-en-amatitlan-y-tlacotepec","status":"publish","type":"post","link":"https:\/\/encuentroinformativo.com.mx\/?p=21739","title":{"rendered":"TEPJF anula elecciones en Amatitl\u00e1n y Tlacotepec"},"content":{"rendered":"\n<p><strong>Juan Arcos<\/strong><\/p>\n\n\n\n<p>Xalapa, Ver.- La Sala Regional Xalapa del Tribunal Electoral del Poder Judicial de la Federaci\u00f3n (TEPJF) anul\u00f3 la elecci\u00f3n en los municipios de Amatitl\u00e1n y Tlacotepec de Mej\u00eda, a unas horas de que rindieran protesta los nuevos ediles.<\/p>\n\n\n\n<p>En sesi\u00f3n realizada la tarde de este jueves 30 de diciembre, los magistrados determinaron que, en ambos casos, los candidatos, rebasaron el tope de gastos de campa\u00f1a por m\u00e1s del cinco por ciento que establece la ley.<\/p>\n\n\n\n<p>En el caso de Amatitl\u00e1n se rebas\u00f3 el tope de gastos de campa\u00f1a en un 18.78 por ciento. Mientras que en Tlacotepec el rebase fue del 40.54 por ciento.<\/p>\n\n\n\n<p>La alcaldesa electa Alma Rosa Hern\u00e1ndez Rodr\u00edguez, de la la coalici\u00f3n Juntos Haremos Historia en Veracruz, integrada por los partidos Movimiento de Regeneraci\u00f3n Nacional (Morena), Partido Verde Ecologista de Mexico (PVEM ) y Partido del Trabajo (PT), contrat\u00f3 al cantante Nelson Kanzela para el cierre de su campa\u00f1a.<\/p>\n\n\n\n<p>Sin embargo, no report\u00f3 al Instituto Nacional Electoral (INE) el gasto de m\u00e1s de 30 mil pesos por la participaci\u00f3n del m\u00fasico en el evento pol\u00edtico mencionado.<\/p>\n\n\n\n<p>La candidata gast\u00f3 en su campa\u00f1a 71 mil 95 pesos y el tope establecido por la autoridad electoral era de 59 mil 854 pesos, lo que implic\u00f3 un rebase de 11 mil 241 pesos.<\/p>\n\n\n\n<p>Cabe recordar que el Tribunal Electoral de Veracruz (TEV) desech\u00f3 las impugnaciones al considerarlas extempor\u00e1neas, pues ya se hab\u00edan calificado las elecciones y no estaban dispuestos a analizar de nueva cuenta su validez.<\/p>\n\n\n\n<p>Los magistrados de la Sala Regional afirmaron que se trat\u00f3 de una violaci\u00f3n grave, dolosa y determinante en el rebase, por lo que se deb\u00eda declarar la nulidad de la elecci\u00f3n en los dos casos.<\/p>\n\n\n\n<p>Por lo tanto, el Congreso del Estado deber\u00e1 reanudar su Sesi\u00f3n Permanente para designar los respectivos Concejos Municipales en ambos casos y para instruir la realizaci\u00f3n de elecciones extraordinarias, el pr\u00f3ximo 27 de marzo del a\u00f1o pr\u00f3ximo.<\/p>\n","protected":false},"excerpt":{"rendered":"<p>Juan Arcos Xalapa, Ver.- La Sala Regional Xalapa del Tribunal Electoral del Poder Judicial de la Federaci\u00f3n (TEPJF) anul\u00f3 la elecci\u00f3n en los municipios de Amatitl\u00e1n y Tlacotepec de Mej\u00eda, a unas horas de que rindieran protesta los nuevos ediles. En sesi\u00f3n realizada la tarde de este jueves 30 de diciembre, los magistrados determinaron que, [&hellip;]<\/p>\n","protected":false},"author":1,"featured_media":21740,"comment_status":"open","ping_status":"open","sticky":false,"template":"","format":"standard","meta":{"_jetpack_memberships_contains_paid_content":false,"footnotes":""},"categories":[2],"tags":[],"class_list":["post-21739","post","type-post","status-publish","format-standard","has-post-thumbnail","hentry","category-estado"],"jetpack_featured_media_url":"https:\/\/encuentroinformativo.com.mx\/wp-content\/uploads\/2021\/12\/0581893E-5816-46EB-A9C7-358C4BEB850F.jpeg","jetpack_sharing_enabled":true,"jetpack_likes_enabled":true,"amp_enabled":true,"_links":{"self":[{"href":"https:\/\/encuentroinformativo.com.mx\/index.php?rest_route=\/wp\/v2\/posts\/21739","targetHints":{"allow":["GET"]}}],"collection":[{"href":"https:\/\/encuentroinformativo.com.mx\/index.php?rest_route=\/wp\/v2\/posts"}],"about":[{"href":"https:\/\/encuentroinformativo.com.mx\/index.php?rest_route=\/wp\/v2\/types\/post"}],"author":[{"embeddable":true,"href":"https:\/\/encuentroinformativo.com.mx\/index.php?rest_route=\/wp\/v2\/users\/1"}],"replies":[{"embeddable":true,"href":"https:\/\/encuentroinformativo.com.mx\/index.php?rest_route=%2Fwp%2Fv2%2Fcomments&post=21739"}],"version-history":[{"count":1,"href":"https:\/\/encuentroinformativo.com.mx\/index.php?rest_route=\/wp\/v2\/posts\/21739\/revisions"}],"predecessor-version":[{"id":21741,"href":"https:\/\/encuentroinformativo.com.mx\/index.php?rest_route=\/wp\/v2\/posts\/21739\/revisions\/21741"}],"wp:featuredmedia":[{"embeddable":true,"href":"https:\/\/encuentroinformativo.com.mx\/index.php?rest_route=\/wp\/v2\/media\/21740"}],"wp:attachment":[{"href":"https:\/\/encuentroinformativo.com.mx\/index.php?rest_route=%2Fwp%2Fv2%2Fmedia&parent=21739"}],"wp:term":[{"taxonomy":"category","embeddable":true,"href":"https:\/\/encuentroinformativo.com.mx\/index.php?rest_route=%2Fwp%2Fv2%2Fcategories&post=21739"},{"taxonomy":"post_tag","embeddable":true,"href":"https:\/\/encuentroinformativo.com.mx\/index.php?rest_route=%2Fwp%2Fv2%2Ftags&post=21739"}],"curies":[{"name":"wp","href":"https:\/\/api.w.org\/{rel}","templated":true}]}}