{"id":21745,"date":"2021-12-30T19:36:06","date_gmt":"2021-12-31T01:36:06","guid":{"rendered":"https:\/\/encuentroinformativo.com.mx\/?p=21745"},"modified":"2021-12-30T19:36:09","modified_gmt":"2021-12-31T01:36:09","slug":"celebra-mc-anulacion-de-elecciones-municipales","status":"publish","type":"post","link":"https:\/\/encuentroinformativo.com.mx\/?p=21745","title":{"rendered":"Celebra MC anulaci\u00f3n de elecciones municipales"},"content":{"rendered":"\n<p><strong>Dar\u00edo Pale<\/strong><\/p>\n\n\n\n<p>Xalapa, Ver.- Debido a que la Sala Regional del Tribunal Electoral del Poder Judicial de la Federaci\u00f3n (TEPJF) anul\u00f3 la elecci\u00f3n de Amatitl\u00e1n y Tlacotepec de Mej\u00eda, se realizar\u00e1n cuatro elecciones extraordinarias, as\u00ed lo dio a conocer el coordinador de la Comisi\u00f3n Operativa del partido Movimiento Ciudadano (MC) Sergio Gil Rull\u00e1n.<\/p>\n\n\n\n<p>En conferencia de prensa realizada en conocido caf\u00e9 del centro de Xalapa se\u00f1al\u00f3 que, la Sala Regional del TEPJF emiti\u00f3 el fallo correcto por lo que celebr\u00f3 la anulaci\u00f3n de la elecci\u00f3n en Amatitl\u00e1n ya que los magistrados reconocieron que los pasados comicios &#8220;estuvieron plagados de muchas irregularidades&#8221;.<\/p>\n\n\n\n<p>&#8220;Logramos que se respetar\u00e1 la decisi\u00f3n del INE sobre el rebase de topes de campa\u00f1a y ser\u00e1 la oportunidad de que Amatitl\u00e1n tenga un futuro gobierno que no tenga ninguna irregularidad y que sea de manera libre&#8221;, se\u00f1al\u00f3.<\/p>\n\n\n\n<p>De esta manera dio conocer qu\u00e9 tendr\u00e1 que sesionar el Congreso del estado de manera urgente para designar los concejos municipales.<\/p>\n\n\n\n<p>Por otra parte, Froyl\u00e1n Ram\u00edrez Lara, representante de MC ante el \u00f3rgano electoral, \u00a0inform\u00f3 que las cuatro elecciones extraordinarias se podr\u00edan llevar a cabo el 27 de marzo pr\u00f3ximo, para lo cual el Consejo General del OPLE deber\u00e1 sesionar en los primeros d\u00edas del mes de enero.<\/p>\n\n\n\n<p>Junto con el l\u00edder del partido en el Estado, explicaron que la Legislatura ya puso como fecha de celebraci\u00f3n de las votaciones en estos dos \u00faltimos municipios el 27 de marzo, de manera que el ente comicial deber\u00e1 sesionar en los primeros d\u00edas del a\u00f1o para establecer el calendario electoral del proceso extraordinario.<\/p>\n\n\n\n<p>Asimismo, la diputada local Ruth Callejas, record\u00f3 que la Legislatura se encuentra en sesi\u00f3n permanente esperando los fallos del \u00f3rgano colegiado, por lo que solicit\u00f3 \u00a0imparcialidad en la conformaci\u00f3n de los Concejos Municipales, que est\u00e9n integrados por personas sin filiaci\u00f3n partidista y que puedan ser plurales.<\/p>\n\n\n\n<p>&#8220;Que sea gente de la poblaci\u00f3n, reconocida y con ideales de ayudar a su pueblo. Van a tener una funci\u00f3n muy importante durante estos meses, ah\u00ed estaremos respaldando la designaci\u00f3n&#8221; coment\u00f3.<\/p>\n\n\n\n<p>&#8220;Hoy se nombran los concejos y ma\u00f1ana entran en funciones as\u00ed lo marca la ley del municipio libre. El 31 estar\u00e1n tomando posesi\u00f3n los alcaldes y el 1 se instalar\u00e1 la primera sesi\u00f3n de Cabildo&#8221;, agreg\u00f3.<\/p>\n\n\n\n<p>Puntualiz\u00f3 ser\u00e1n cuatro los municipios en donde se repetir\u00e1n las elecciones: Amatitl\u00e1n, Tlacotepec de Mej\u00eda, Jes\u00fas Carranza y Chiconamel.<\/p>\n\n\n\n<p>El excandidato Luis Donaldo Camacho indic\u00f3 no s\u00f3lo fue la irregularidad del rebase de topes de campa\u00f1a, la que cometi\u00f3 la ex abanderada de MORENA-PT-PVEM, sino que fueron muchas m\u00e1s.<\/p>\n\n\n\n<p>&#8220;Se dieron much\u00edsimas y de muchos tipos, muy lastimosas para la democracia de mi municipio, hoy Amatitl\u00e1n celebra, est\u00e1 contento porque despu\u00e9s de muchos meses y que despu\u00e9s de creer que no \u00edbamos a conseguir esto a\u00fan teniendo los elementos, Amatitl\u00e1n est\u00e1 seguro que pr\u00f3ximamente tendr\u00e1 unas elecciones en las que esperamos que s\u00ed se respete la voluntad del pueblo&#8221;, acus\u00f3.<\/p>\n\n\n\n<p>Se\u00f1al\u00f3 que Clara Rodr\u00edguez gast\u00f3 m\u00e1s del 18 por ciento del umbral m\u00e1ximo que pod\u00eda erogar en la b\u00fasqueda del voto de los electores de esa demarcaci\u00f3n, adem\u00e1s de que la diferencia entre ella y \u00e9l fue menor al 5 %, por lo que ese gasto de m\u00e1s fue determinante para lograr ganar en las elecciones pasadas.<br>Por todo lo anterior los integrantes de MC dieron a conocer que se anul\u00f3 la elecci\u00f3n en Amatitl\u00e1n debido a que se rebas\u00f3 el tope de gastos de campa\u00f1a, ya que por ejemplo se organiz\u00f3 un evento musical con Nelson Cancela, artista que no todos pod\u00edan pagar.<\/p>\n\n\n\n<p>&#8220;El cantante Nelson Cansela fue por all\u00e1 a animar a la gente para generar un piso no parejo para los candidatos que no ten\u00edamos la oportunidad de no pagar un espect\u00e1culo de tales magnitudes&#8221;, finaliz\u00f3.<\/p>\n","protected":false},"excerpt":{"rendered":"<p>Dar\u00edo Pale Xalapa, Ver.- Debido a que la Sala Regional del Tribunal Electoral del Poder Judicial de la Federaci\u00f3n (TEPJF) anul\u00f3 la elecci\u00f3n de Amatitl\u00e1n y Tlacotepec de Mej\u00eda, se realizar\u00e1n cuatro elecciones extraordinarias, as\u00ed lo dio a conocer el coordinador de la Comisi\u00f3n Operativa del partido Movimiento Ciudadano (MC) Sergio Gil Rull\u00e1n. En conferencia [&hellip;]<\/p>\n","protected":false},"author":1,"featured_media":21746,"comment_status":"open","ping_status":"open","sticky":false,"template":"","format":"standard","meta":{"_jetpack_memberships_contains_paid_content":false,"footnotes":""},"categories":[2],"tags":[],"class_list":["post-21745","post","type-post","status-publish","format-standard","has-post-thumbnail","hentry","category-estado"],"jetpack_featured_media_url":"https:\/\/encuentroinformativo.com.mx\/wp-content\/uploads\/2021\/12\/572B1CD7-4718-4099-A4F1-E52D5F439BC7.jpeg","jetpack_sharing_enabled":true,"jetpack_likes_enabled":true,"amp_enabled":true,"_links":{"self":[{"href":"https:\/\/encuentroinformativo.com.mx\/index.php?rest_route=\/wp\/v2\/posts\/21745","targetHints":{"allow":["GET"]}}],"collection":[{"href":"https:\/\/encuentroinformativo.com.mx\/index.php?rest_route=\/wp\/v2\/posts"}],"about":[{"href":"https:\/\/encuentroinformativo.com.mx\/index.php?rest_route=\/wp\/v2\/types\/post"}],"author":[{"embeddable":true,"href":"https:\/\/encuentroinformativo.com.mx\/index.php?rest_route=\/wp\/v2\/users\/1"}],"replies":[{"embeddable":true,"href":"https:\/\/encuentroinformativo.com.mx\/index.php?rest_route=%2Fwp%2Fv2%2Fcomments&post=21745"}],"version-history":[{"count":1,"href":"https:\/\/encuentroinformativo.com.mx\/index.php?rest_route=\/wp\/v2\/posts\/21745\/revisions"}],"predecessor-version":[{"id":21747,"href":"https:\/\/encuentroinformativo.com.mx\/index.php?rest_route=\/wp\/v2\/posts\/21745\/revisions\/21747"}],"wp:featuredmedia":[{"embeddable":true,"href":"https:\/\/encuentroinformativo.com.mx\/index.php?rest_route=\/wp\/v2\/media\/21746"}],"wp:attachment":[{"href":"https:\/\/encuentroinformativo.com.mx\/index.php?rest_route=%2Fwp%2Fv2%2Fmedia&parent=21745"}],"wp:term":[{"taxonomy":"category","embeddable":true,"href":"https:\/\/encuentroinformativo.com.mx\/index.php?rest_route=%2Fwp%2Fv2%2Fcategories&post=21745"},{"taxonomy":"post_tag","embeddable":true,"href":"https:\/\/encuentroinformativo.com.mx\/index.php?rest_route=%2Fwp%2Fv2%2Ftags&post=21745"}],"curies":[{"name":"wp","href":"https:\/\/api.w.org\/{rel}","templated":true}]}}