{"id":21756,"date":"2021-12-31T12:58:40","date_gmt":"2021-12-31T18:58:40","guid":{"rendered":"https:\/\/encuentroinformativo.com.mx\/?p=21756"},"modified":"2021-12-31T12:58:44","modified_gmt":"2021-12-31T18:58:44","slug":"raymundo-andrade-rindio-protesta-como-alcalde-de-coatepec","status":"publish","type":"post","link":"https:\/\/encuentroinformativo.com.mx\/?p=21756","title":{"rendered":"Raymundo Andrade rindi\u00f3 protesta como alcalde de Coatepec"},"content":{"rendered":"\n<p><strong>Juan Arcos<\/strong> <\/p>\n\n\n\n<p>Coatepec, Ver.- El ingeniero Raymundo Andrade Rivera rindi\u00f3 protesta como presidente municipal de Coatepec para el periodo 2022-2025.<\/p>\n\n\n\n<p>La ceremonia se llev\u00f3 a cabo en la explanada del Palacio Municipal de este Pueblo M\u00e1gico, frente al parque Miguel Hidalgo.<\/p>\n\n\n\n<p>El exdiputado local por el Movimiento de Regeneraci\u00f3n Nacional (Morena) estuvo acompa\u00f1ado de sus familiares, compa\u00f1eros de su partido y diputados locales.<\/p>\n\n\n\n<p>Tambi\u00e9n estuvieron presentes las personas que integrar\u00e1n el cuerpo edilicio en este municipio cercano a Xalapa, la capital del estado.<\/p>\n\n\n\n<p>El Presidente Municipal tom\u00f3 protesta a los miembros del Cabildo: la s\u00edndica Linda Rub\u00ed Mart\u00ednez D\u00edaz, el regidor primero Aldo Antonio Trejo Morales, la regidora segunda Tizania Quijada L\u00f3pez, regidora tercera Nelly Vianey Hern\u00e1ndez V\u00e1zquez, regidora cuarta Sof\u00eda Leticia Viveros Colorado, regidor quinto Edson Tejeda Corona, regidor sexto Carlos Alberto Ruiz Estrada, regidor s\u00e9ptimo Hern\u00e1n Sinecio Velasco Lince y la regidora octava Mar\u00eda Guadalupe Dom\u00ednguez Murrieta.<br>En su discurso, el Alcalde de Coatepec indic\u00f3 que trabajar\u00e1 sin distingo de colores en beneficio de todos los coatepecanos.<\/p>\n\n\n\n<p>\u201cTengan la certeza de que vamos a luchar con todas nuestras fuerzas para que las familias de Coatepec tengan la seguridad y las oportunidades que merecen. Nuestra identidad es nuestra fortaleza\u201d.<\/p>\n\n\n\n<p>Andrade Rivera record\u00f3 que Coatepec es la semilla del caf\u00e9 que germina en la monta\u00f1a, la mezcla viva que da car\u00e1cter al producto que enaltece a todo el pueblo.<\/p>\n\n\n\n<p>\u201cSomos orgullo de Veracruz y de M\u00e9xico. Desde aqu\u00ed reitero mi compromiso y el del honorable cabildo que le acompa\u00f1ar\u00e1 en este gobierno de servir sin distingo de colores o clases sociales, somos ciudadanos con una sola encomienda: hacer de Coatepec un municipio con desarrollo, con futuro y con bienestar para todas las familias\u201d, enfatiz\u00f3.<\/p>\n\n\n\n<figure class=\"wp-block-image size-large\"><img loading=\"lazy\" decoding=\"async\" width=\"1024\" height=\"768\" src=\"https:\/\/encuentroinformativo.com.mx\/wp-content\/uploads\/2021\/12\/136CA2CD-1D1D-41DB-861E-07F15CDAA050-1024x768.jpeg\" alt=\"\" class=\"wp-image-21758\" srcset=\"https:\/\/encuentroinformativo.com.mx\/wp-content\/uploads\/2021\/12\/136CA2CD-1D1D-41DB-861E-07F15CDAA050-1024x768.jpeg 1024w, https:\/\/encuentroinformativo.com.mx\/wp-content\/uploads\/2021\/12\/136CA2CD-1D1D-41DB-861E-07F15CDAA050-300x225.jpeg 300w, https:\/\/encuentroinformativo.com.mx\/wp-content\/uploads\/2021\/12\/136CA2CD-1D1D-41DB-861E-07F15CDAA050-768x576.jpeg 768w, https:\/\/encuentroinformativo.com.mx\/wp-content\/uploads\/2021\/12\/136CA2CD-1D1D-41DB-861E-07F15CDAA050-1536x1152.jpeg 1536w, https:\/\/encuentroinformativo.com.mx\/wp-content\/uploads\/2021\/12\/136CA2CD-1D1D-41DB-861E-07F15CDAA050.jpeg 2016w\" sizes=\"auto, (max-width: 1024px) 100vw, 1024px\" \/><\/figure>\n","protected":false},"excerpt":{"rendered":"<p>Juan Arcos Coatepec, Ver.- El ingeniero Raymundo Andrade Rivera rindi\u00f3 protesta como presidente municipal de Coatepec para el periodo 2022-2025. La ceremonia se llev\u00f3 a cabo en la explanada del Palacio Municipal de este Pueblo M\u00e1gico, frente al parque Miguel Hidalgo. El exdiputado local por el Movimiento de Regeneraci\u00f3n Nacional (Morena) estuvo acompa\u00f1ado de sus [&hellip;]<\/p>\n","protected":false},"author":1,"featured_media":21757,"comment_status":"open","ping_status":"open","sticky":false,"template":"","format":"standard","meta":{"_jetpack_memberships_contains_paid_content":false,"footnotes":""},"categories":[8],"tags":[],"class_list":["post-21756","post","type-post","status-publish","format-standard","has-post-thumbnail","hentry","category-region"],"jetpack_featured_media_url":"https:\/\/encuentroinformativo.com.mx\/wp-content\/uploads\/2021\/12\/207A7E69-D3D1-41DC-9AB0-821CE1C3FC87.jpeg","jetpack_sharing_enabled":true,"jetpack_likes_enabled":true,"amp_enabled":true,"_links":{"self":[{"href":"https:\/\/encuentroinformativo.com.mx\/index.php?rest_route=\/wp\/v2\/posts\/21756","targetHints":{"allow":["GET"]}}],"collection":[{"href":"https:\/\/encuentroinformativo.com.mx\/index.php?rest_route=\/wp\/v2\/posts"}],"about":[{"href":"https:\/\/encuentroinformativo.com.mx\/index.php?rest_route=\/wp\/v2\/types\/post"}],"author":[{"embeddable":true,"href":"https:\/\/encuentroinformativo.com.mx\/index.php?rest_route=\/wp\/v2\/users\/1"}],"replies":[{"embeddable":true,"href":"https:\/\/encuentroinformativo.com.mx\/index.php?rest_route=%2Fwp%2Fv2%2Fcomments&post=21756"}],"version-history":[{"count":1,"href":"https:\/\/encuentroinformativo.com.mx\/index.php?rest_route=\/wp\/v2\/posts\/21756\/revisions"}],"predecessor-version":[{"id":21759,"href":"https:\/\/encuentroinformativo.com.mx\/index.php?rest_route=\/wp\/v2\/posts\/21756\/revisions\/21759"}],"wp:featuredmedia":[{"embeddable":true,"href":"https:\/\/encuentroinformativo.com.mx\/index.php?rest_route=\/wp\/v2\/media\/21757"}],"wp:attachment":[{"href":"https:\/\/encuentroinformativo.com.mx\/index.php?rest_route=%2Fwp%2Fv2%2Fmedia&parent=21756"}],"wp:term":[{"taxonomy":"category","embeddable":true,"href":"https:\/\/encuentroinformativo.com.mx\/index.php?rest_route=%2Fwp%2Fv2%2Fcategories&post=21756"},{"taxonomy":"post_tag","embeddable":true,"href":"https:\/\/encuentroinformativo.com.mx\/index.php?rest_route=%2Fwp%2Fv2%2Ftags&post=21756"}],"curies":[{"name":"wp","href":"https:\/\/api.w.org\/{rel}","templated":true}]}}