{"id":21760,"date":"2021-12-31T14:06:53","date_gmt":"2021-12-31T20:06:53","guid":{"rendered":"https:\/\/encuentroinformativo.com.mx\/?p=21760"},"modified":"2021-12-31T14:06:57","modified_gmt":"2021-12-31T20:06:57","slug":"asume-juan-manuel-unanue-ayuntamiento-de-boca-del-rio","status":"publish","type":"post","link":"https:\/\/encuentroinformativo.com.mx\/?p=21760","title":{"rendered":"Asume Juan Manuel Unanue Ayuntamiento de Boca del R\u00edo"},"content":{"rendered":"\n<p><strong>Alejandro \u00c1vila<\/strong><\/p>\n\n\n\n<p>Boca del R\u00edo, Ver.- Este viernes por la ma\u00f1ana, Juan Manuel de Unanue Abascal tom\u00f3 protesta como alcalde de Boca del R\u00edo para el periodo 2022 \u2013 2025, con fundamento en el art\u00edculo 27 de la Ley Org\u00e1nica del Municipio Libre del Estado de Veracruz.<\/p>\n\n\n\n<p>En medio de fiesta y algarab\u00eda, decenas de l\u00edderes de cuartel panistas, empresarios y pol\u00edticos entre los que destacaron la alcaldesa electa de Veracruz, Patricia Lobeira Rodr\u00edguez, el alcalde de Veracruz, Fernando Yunes M\u00e1rquez, el presidente estatal de Movimiento Ciudadano, Sergio Gil Rull\u00e1n, la Senadora, Indira Rosales San Rom\u00e1n, entre otros; Unanue Abascal logr\u00f3 abarrotar el z\u00f3calo de Boca del R\u00edo durante su primer evento como presidente municipal.<\/p>\n\n\n\n<p>Posteriormente, el panista nombr\u00f3 uno a uno a los integrantes de su Cabildo, el cual qued\u00f3 conformado de la siguiente manera; Susana Tiburcio Galicia como S\u00edndica \u00danica; Rafael Cuenca Campa como regidor primero; Adriana Gisela Gonz\u00e1lez Gir\u00f3n como regidora tercera, Jos\u00e9 Alonso Sosa Salinas como regidor tercero; Silvia Pe\u00f1a Rico Panzzi como regidora cuarta; Abel Vela Torres como regidor quinto.<br>Ricarda Chac\u00f3n Ortiz como regidora sexta; Natividad Izquierdo Hern\u00e1ndez como regidora s\u00e9ptima; Ana Cristina Morales Villar como regidora octava; Francisco Luis Moreno Quiroga como regidor noveno; Beatriz Su Rodr\u00edguez Torres como regidora d\u00e9cima; Jos\u00e9 \u00c1ngel Deschamps Vargas como regidor d\u00e9cimo primero; y Gerardo Rossette Gonz\u00e1lez como regidor Decimo Segundo.<\/p>\n\n\n\n<p>Cabe recordar que de los 14 ediles que conforman el Cabildo de Boca del R\u00edo, 9 son del Partido Acci\u00f3n Nacional, cuatro de MORENA y uno de Movimiento Ciudadano.<\/p>\n","protected":false},"excerpt":{"rendered":"<p>Alejandro \u00c1vila Boca del R\u00edo, Ver.- Este viernes por la ma\u00f1ana, Juan Manuel de Unanue Abascal tom\u00f3 protesta como alcalde de Boca del R\u00edo para el periodo 2022 \u2013 2025, con fundamento en el art\u00edculo 27 de la Ley Org\u00e1nica del Municipio Libre del Estado de Veracruz. En medio de fiesta y algarab\u00eda, decenas de [&hellip;]<\/p>\n","protected":false},"author":1,"featured_media":21761,"comment_status":"open","ping_status":"open","sticky":false,"template":"","format":"standard","meta":{"_jetpack_memberships_contains_paid_content":false,"footnotes":""},"categories":[2],"tags":[],"class_list":["post-21760","post","type-post","status-publish","format-standard","has-post-thumbnail","hentry","category-estado"],"jetpack_featured_media_url":"https:\/\/encuentroinformativo.com.mx\/wp-content\/uploads\/2021\/12\/00DFFEF1-500E-4C94-9723-6DB13B00CCBC.jpeg","jetpack_sharing_enabled":true,"jetpack_likes_enabled":true,"amp_enabled":true,"_links":{"self":[{"href":"https:\/\/encuentroinformativo.com.mx\/index.php?rest_route=\/wp\/v2\/posts\/21760","targetHints":{"allow":["GET"]}}],"collection":[{"href":"https:\/\/encuentroinformativo.com.mx\/index.php?rest_route=\/wp\/v2\/posts"}],"about":[{"href":"https:\/\/encuentroinformativo.com.mx\/index.php?rest_route=\/wp\/v2\/types\/post"}],"author":[{"embeddable":true,"href":"https:\/\/encuentroinformativo.com.mx\/index.php?rest_route=\/wp\/v2\/users\/1"}],"replies":[{"embeddable":true,"href":"https:\/\/encuentroinformativo.com.mx\/index.php?rest_route=%2Fwp%2Fv2%2Fcomments&post=21760"}],"version-history":[{"count":1,"href":"https:\/\/encuentroinformativo.com.mx\/index.php?rest_route=\/wp\/v2\/posts\/21760\/revisions"}],"predecessor-version":[{"id":21762,"href":"https:\/\/encuentroinformativo.com.mx\/index.php?rest_route=\/wp\/v2\/posts\/21760\/revisions\/21762"}],"wp:featuredmedia":[{"embeddable":true,"href":"https:\/\/encuentroinformativo.com.mx\/index.php?rest_route=\/wp\/v2\/media\/21761"}],"wp:attachment":[{"href":"https:\/\/encuentroinformativo.com.mx\/index.php?rest_route=%2Fwp%2Fv2%2Fmedia&parent=21760"}],"wp:term":[{"taxonomy":"category","embeddable":true,"href":"https:\/\/encuentroinformativo.com.mx\/index.php?rest_route=%2Fwp%2Fv2%2Fcategories&post=21760"},{"taxonomy":"post_tag","embeddable":true,"href":"https:\/\/encuentroinformativo.com.mx\/index.php?rest_route=%2Fwp%2Fv2%2Ftags&post=21760"}],"curies":[{"name":"wp","href":"https:\/\/api.w.org\/{rel}","templated":true}]}}