{"id":21766,"date":"2021-12-31T14:18:05","date_gmt":"2021-12-31T20:18:05","guid":{"rendered":"https:\/\/encuentroinformativo.com.mx\/?p=21766"},"modified":"2021-12-31T14:18:09","modified_gmt":"2021-12-31T20:18:09","slug":"promueven-venta-de-pinatas-con-rostro-de-amlo","status":"publish","type":"post","link":"https:\/\/encuentroinformativo.com.mx\/?p=21766","title":{"rendered":"Promueven venta de pi\u00f1atas con rostro de AMLO"},"content":{"rendered":"\n<p><strong>Juan Arcos<\/strong><\/p>\n\n\n\n<p>Xalapa, Ver.- El rostro del presidente de la Rep\u00fablica Mexicana, Andr\u00e9s Manuel L\u00f3pez Obrador, luce en pi\u00f1atas caricaturescas que han sido ampliamente vendidas para la quema tradicional del a\u00f1o viejo.<\/p>\n\n\n\n<p>Los artesanos elaboran las piezas con papel y cart\u00f3n; se esfuerzan para que la cara de las pi\u00f1atas lleve los rasgos caracter\u00edsticos del mandatario federal.<\/p>\n\n\n\n<p>Se trata del negocio <em>Pi\u00f1atas Rachel y Terry<\/em>, ubicado sobre la calle Guadalupe Victoria, n\u00famero exterior 20, interior 3, segunda planta, ubicado en el Centro Hist\u00f3rico de Xalapa.<\/p>\n\n\n\n<p>Rachel Escalante, socia del establecimiento, recuerda que la pi\u00f1ata de AMLO lleva un traje color negro con la cinta presidencia  donde se lee el a\u00f1o 2021.<\/p>\n\n\n\n<p>Sobre el brazo derecho lleva una peque\u00f1a figura circular color verde, que simboliza al SARS-COV-2 (COVID-19) , y cuya expresi\u00f3n es de terror y tristeza, debido a la cercan\u00eda de una jeringa de papel con la marca <em>CanSino<\/em>, <em>Pfizer<\/em> o <em>AstraZeneca<\/em>.<\/p>\n\n\n\n<p>La pandemia ocasion\u00f3 la muerte de m\u00e1s de 15 mil personas en el estado de Veracruz y la quema del Viejo representa deshacerse de todo lo malo que ha dejado el a\u00f1o.<\/p>\n\n\n\n<p>\u201cLa idea es despedirnos de todo lo malo que nos dej\u00f3 este a\u00f1o y tambi\u00e9n prepararnos para el que viene. Tenemos esta que hicimos con la cara de AMLO, pero tambi\u00e9n tenemos con la cara de un viejito. En este a\u00f1o nos aplicamos todos la vacuna y esto nos est\u00e1 demostrando que logramos vencer al COVID o lo estamos logrando vencer. Ya se han vendido much\u00edsimas\u201d, comentan.<\/p>\n\n\n\n<p>Las pi\u00f1atas con el rostro de AMLO se han vendido desde el pasado 15 de noviembre. Tambi\u00e9n han sido compradas por fan\u00e1ticos o seguidores del Presidente de M\u00e9xico.<\/p>\n\n\n\n<p>Cada pieza tiene un costo que va de los 100 a los 150 pesos, dependiendo el tama\u00f1o. Ellos mismos fabricaron una pi\u00f1ata gigante del \u201cviejo\u201d que cuesta mil 500 pesos.<\/p>\n","protected":false},"excerpt":{"rendered":"<p>Juan Arcos Xalapa, Ver.- El rostro del presidente de la Rep\u00fablica Mexicana, Andr\u00e9s Manuel L\u00f3pez Obrador, luce en pi\u00f1atas caricaturescas que han sido ampliamente vendidas para la quema tradicional del a\u00f1o viejo. Los artesanos elaboran las piezas con papel y cart\u00f3n; se esfuerzan para que la cara de las pi\u00f1atas lleve los rasgos caracter\u00edsticos del [&hellip;]<\/p>\n","protected":false},"author":1,"featured_media":21767,"comment_status":"open","ping_status":"open","sticky":false,"template":"","format":"standard","meta":{"_jetpack_memberships_contains_paid_content":false,"footnotes":""},"categories":[3],"tags":[],"class_list":["post-21766","post","type-post","status-publish","format-standard","has-post-thumbnail","hentry","category-xalapa"],"jetpack_featured_media_url":"https:\/\/encuentroinformativo.com.mx\/wp-content\/uploads\/2021\/12\/6B6BC1DC-D516-4757-AE59-BA790075E6AC.jpeg","jetpack_sharing_enabled":true,"jetpack_likes_enabled":true,"amp_enabled":true,"_links":{"self":[{"href":"https:\/\/encuentroinformativo.com.mx\/index.php?rest_route=\/wp\/v2\/posts\/21766","targetHints":{"allow":["GET"]}}],"collection":[{"href":"https:\/\/encuentroinformativo.com.mx\/index.php?rest_route=\/wp\/v2\/posts"}],"about":[{"href":"https:\/\/encuentroinformativo.com.mx\/index.php?rest_route=\/wp\/v2\/types\/post"}],"author":[{"embeddable":true,"href":"https:\/\/encuentroinformativo.com.mx\/index.php?rest_route=\/wp\/v2\/users\/1"}],"replies":[{"embeddable":true,"href":"https:\/\/encuentroinformativo.com.mx\/index.php?rest_route=%2Fwp%2Fv2%2Fcomments&post=21766"}],"version-history":[{"count":1,"href":"https:\/\/encuentroinformativo.com.mx\/index.php?rest_route=\/wp\/v2\/posts\/21766\/revisions"}],"predecessor-version":[{"id":21768,"href":"https:\/\/encuentroinformativo.com.mx\/index.php?rest_route=\/wp\/v2\/posts\/21766\/revisions\/21768"}],"wp:featuredmedia":[{"embeddable":true,"href":"https:\/\/encuentroinformativo.com.mx\/index.php?rest_route=\/wp\/v2\/media\/21767"}],"wp:attachment":[{"href":"https:\/\/encuentroinformativo.com.mx\/index.php?rest_route=%2Fwp%2Fv2%2Fmedia&parent=21766"}],"wp:term":[{"taxonomy":"category","embeddable":true,"href":"https:\/\/encuentroinformativo.com.mx\/index.php?rest_route=%2Fwp%2Fv2%2Fcategories&post=21766"},{"taxonomy":"post_tag","embeddable":true,"href":"https:\/\/encuentroinformativo.com.mx\/index.php?rest_route=%2Fwp%2Fv2%2Ftags&post=21766"}],"curies":[{"name":"wp","href":"https:\/\/api.w.org\/{rel}","templated":true}]}}