{"id":21778,"date":"2021-12-31T15:09:07","date_gmt":"2021-12-31T21:09:07","guid":{"rendered":"https:\/\/encuentroinformativo.com.mx\/?p=21778"},"modified":"2021-12-31T15:09:11","modified_gmt":"2021-12-31T21:09:11","slug":"contratara-marcos-isleno-camiones-recolectores-de-basura","status":"publish","type":"post","link":"https:\/\/encuentroinformativo.com.mx\/?p=21778","title":{"rendered":"Contratar\u00e1 Marcos Isle\u00f1o camiones recolectores de basura"},"content":{"rendered":"\n<p><strong>Alejandro \u00c1vila<\/strong><\/p>\n\n\n\n<p>Medell\u00edn de Bravo, Ver.- Durante el discurso posterior a la Toma de Protesta, el alcalde de Medell\u00edn de Bravo, Marcos Isle\u00f1o Andrade, mencion\u00f3 que contratar\u00e1 camiones recolectores de basura durante un mes, para acabar con el problema de basura en las calles del municipio.<\/p>\n\n\n\n<p>Pasado el medio d\u00eda, el edil recientemente adherido a Morena, asegur\u00f3 que existe una deuda municipal de 50 millones de pesos, 37 millones de pesos de adeudo a Comisi\u00f3n Federal de Electricidad y 13 millones de pesos al Instituto de Pensiones del Estado de Veracruz.<\/p>\n\n\n\n<p>&#8220;Vamos a rentar a partir de la hora cero del d\u00eda de ma\u00f1ana m\u00e1s camiones, para que el problema de basura se abata. Y obviamente, como se lo coment\u00e9 a la persona que le vamos a rentar los camiones, que los quer\u00eda rentar por un a\u00f1o, le digo, &#8216;a ver, no, no se trata de que destrocemos las finanzas, se trata de que salgamos del problema&#8217;. En ese mes, \u00fanico mes que vamos a rentar los camiones, nos va a dar la posibilidad de arreglar o reparar las unidades que est\u00e1n destrozadas en el Rastro Municipal, para que con ese ahorro que tengamos, podamos seguir pagando las deudas que nos est\u00e1n dejando&#8221;, destac\u00f3.<\/p>\n\n\n\n<p>Isle\u00f1o Andrade, dijo que varios, ahora ex funcionarios municipales le solicitaron llegar a un acuerdo &#8220;en lo oscurito&#8221;, para evitar futuras denuncias penales, acci\u00f3n a la cual se neg\u00f3 y asegur\u00f3 que, presentar\u00e1 las denuncias pertienentes ante las instancias adecuadas, para que los responsables del desfalco a Medell\u00edn de Bravo paguen las consecuencias.<\/p>\n\n\n\n<p>Finalmente, dijo que exigir\u00e1 a Grupo MAS haga obra hidr\u00e1ulica en las localidades de El Tejar, Los Robles y Paso del Toro, pues es este municipio quien expide el agua a Boca del R\u00edo y Veracruz, y nunca se han visto beneficiados con infraestructura como se prometio en un inicio.<\/p>\n","protected":false},"excerpt":{"rendered":"<p>Alejandro \u00c1vila Medell\u00edn de Bravo, Ver.- Durante el discurso posterior a la Toma de Protesta, el alcalde de Medell\u00edn de Bravo, Marcos Isle\u00f1o Andrade, mencion\u00f3 que contratar\u00e1 camiones recolectores de basura durante un mes, para acabar con el problema de basura en las calles del municipio. Pasado el medio d\u00eda, el edil recientemente adherido a [&hellip;]<\/p>\n","protected":false},"author":1,"featured_media":21779,"comment_status":"open","ping_status":"open","sticky":false,"template":"","format":"standard","meta":{"_jetpack_memberships_contains_paid_content":false,"footnotes":""},"categories":[2],"tags":[],"class_list":["post-21778","post","type-post","status-publish","format-standard","has-post-thumbnail","hentry","category-estado"],"jetpack_featured_media_url":"https:\/\/encuentroinformativo.com.mx\/wp-content\/uploads\/2021\/12\/87A28FA5-B689-413E-B9D6-CCCB45776AD1.jpeg","jetpack_sharing_enabled":true,"jetpack_likes_enabled":true,"amp_enabled":true,"_links":{"self":[{"href":"https:\/\/encuentroinformativo.com.mx\/index.php?rest_route=\/wp\/v2\/posts\/21778","targetHints":{"allow":["GET"]}}],"collection":[{"href":"https:\/\/encuentroinformativo.com.mx\/index.php?rest_route=\/wp\/v2\/posts"}],"about":[{"href":"https:\/\/encuentroinformativo.com.mx\/index.php?rest_route=\/wp\/v2\/types\/post"}],"author":[{"embeddable":true,"href":"https:\/\/encuentroinformativo.com.mx\/index.php?rest_route=\/wp\/v2\/users\/1"}],"replies":[{"embeddable":true,"href":"https:\/\/encuentroinformativo.com.mx\/index.php?rest_route=%2Fwp%2Fv2%2Fcomments&post=21778"}],"version-history":[{"count":1,"href":"https:\/\/encuentroinformativo.com.mx\/index.php?rest_route=\/wp\/v2\/posts\/21778\/revisions"}],"predecessor-version":[{"id":21780,"href":"https:\/\/encuentroinformativo.com.mx\/index.php?rest_route=\/wp\/v2\/posts\/21778\/revisions\/21780"}],"wp:featuredmedia":[{"embeddable":true,"href":"https:\/\/encuentroinformativo.com.mx\/index.php?rest_route=\/wp\/v2\/media\/21779"}],"wp:attachment":[{"href":"https:\/\/encuentroinformativo.com.mx\/index.php?rest_route=%2Fwp%2Fv2%2Fmedia&parent=21778"}],"wp:term":[{"taxonomy":"category","embeddable":true,"href":"https:\/\/encuentroinformativo.com.mx\/index.php?rest_route=%2Fwp%2Fv2%2Fcategories&post=21778"},{"taxonomy":"post_tag","embeddable":true,"href":"https:\/\/encuentroinformativo.com.mx\/index.php?rest_route=%2Fwp%2Fv2%2Ftags&post=21778"}],"curies":[{"name":"wp","href":"https:\/\/api.w.org\/{rel}","templated":true}]}}