{"id":21781,"date":"2021-12-31T15:16:25","date_gmt":"2021-12-31T21:16:25","guid":{"rendered":"https:\/\/encuentroinformativo.com.mx\/?p=21781"},"modified":"2021-12-31T15:16:29","modified_gmt":"2021-12-31T21:16:29","slug":"ofrece-ricardo-ahued-trabajo-y-transparencia-por-xalapa","status":"publish","type":"post","link":"https:\/\/encuentroinformativo.com.mx\/?p=21781","title":{"rendered":"Ofrece Ricardo Ahued trabajo y transparencia por Xalapa"},"content":{"rendered":"\n<p><strong>*Rinde Ricardo Ahued protesta como Presidente Municipal para el periodo 2022-2025.<br>\u00a0<\/strong><br>Xalapa, Ver.- S\u00e9 lo que hay que hacer y lo haremos con trabajo, transparencia, car\u00e1cter para tomar decisiones y el apoyo de todas y todos los que aman a Xalapa; afirm\u00f3 Ricardo Ahued Bardahuil al rendir protesta como presidente municipal constitucional de Xalapa para el periodo 2022-2025, en Sesi\u00f3n Solemne de Cabildo celebrada este viernes en patio central de Palacio Municipal.<br>\u00a0<br>Acompa\u00f1ado por el gobernador del estado, Cuitl\u00e1huac Garc\u00eda Jim\u00e9nez, el edil manifest\u00f3 que asume este encargo consciente de los retos que representa este municipio, por lo que implementar\u00e1 un modelo de gobierno que privilegie el di\u00e1logo y acuerdo con todos los sectores sociales para juntos cumplir con las expectativas de la sociedad y hacer historia.<br>\u00a0<br>Reiter\u00f3 que no cree en la pol\u00edtica de sometimiento sino en el convencimiento y que coincide con el Presidente de la Rep\u00fablica en que la corrupci\u00f3n se combate de arriba hacia abajo; por ello, coment\u00f3, desde la Oficina de Presidencia se dar\u00e1 ejemplo de un manejo correcto, honesto y transparente de los recursos p\u00fablicos.<br>\u00a0<br>En ese sentido, abund\u00f3 en que se impedir\u00e1 el saqueo y enriquecimiento injustificado de los funcionarios, y habr\u00e1 cero tolerancia a la corrupci\u00f3n e influyentismo para promover piso parejo entre todos los sectores econ\u00f3micos.<br>\u00a0<br>Ricardo Ahued recalc\u00f3 que se trabajar\u00e1 de manera inmediata en el dise\u00f1o del Plan Municipal de Desarrollo, para lo cual se escuchar\u00e1 a los distintos sectores y se apoyar\u00e1 en sus sugerencias para definir los ejes transversales de acci\u00f3n de esta administraci\u00f3n.<br>\u00a0<br>Anunci\u00f3 que, como muestra de que durante su gesti\u00f3n se optimizar\u00e1n los procesos, este lunes 3 \u00a0de enero\u00a0iniciar\u00e1 la pavimentaci\u00f3n de la primera calle de su administraci\u00f3n.<br>\u00a0<br>Tambi\u00e9n adelant\u00f3 que se iniciar\u00e1 un programa en colonias de la periferia para mejorar hasta 10 kil\u00f3metros de vialidades, sin considerar recursos establecidos en el Programa Operativo Anual (POA). Estas acciones se lograr\u00e1n gracias a la suma de esfuerzos de vecinos, dependencias del Gobierno del Estado y donaciones del empresariado xalape\u00f1o.<br>\u00a0<br>El presidente municipal reconoci\u00f3 el apoyo del gobernador Cuitl\u00e1huac Garc\u00eda para recuperar la avenida L\u00e1zaro C\u00e1rdenas e hizo hincapi\u00e9 en el respaldo brindado por los gobiernos Federal y Estatal para desarrollar las siguientes etapas de los colectores pluviales Coatzacoalcos y Tecolutla, mismas que beneficiar\u00e1n a m\u00e1s de 30 mil personas que a\u00f1o con a\u00f1o padec\u00edan inundaciones. Esa inversi\u00f3n, subray\u00f3, no la hubiera podido hacer solo el Ayuntamiento.<br>\u00a0<br>Asimismo dio a conocer que su gobierno ya cuenta con un diagn\u00f3stico de las principales necesidades de las zonas urbana y rural, que requieren obras por 7 mil 800 millones de pesos; por lo que solicit\u00f3 al Ejecutivo Estatal la oportunidad de presentarle proyectos y estudios para valorar c\u00f3mo se puede trabajar en favor de Xalapa; petici\u00f3n a la que el Gobernador dio consentimiento y ofreci\u00f3 todo el apoyo.<br>\u00a0<br>En presencia de autoridades estatales, diputadas y diputados federales y locales, representantes del Senado, colonos, representantes de organizaciones civiles, l\u00edderes sindicales y de las principales c\u00e1maras empresariales de la ciudad, Ricardo Ahued Bardahuil expres\u00f3 que es tiempo de uni\u00f3n, de construcci\u00f3n, de hacer alianzas con los gobiernos Federal y Estatal para dar resultados.<br>\u00a0<br>\u201cTodos debemos poner de nuestra parte. Sean bienvenidos todos los que amen a Xalapa. Hoy esta comuna necesita que hagamos equipo por nuestra ciudad\u201d, recalc\u00f3.<br>\u00a0<br>Durante la sesi\u00f3n, Ricardo Ahued tom\u00f3 protesta a los integrantes del cabildo que entra en funciones este 1 de enero y estar\u00e1 conformado por la s\u00edndica \u00fanica, Cecilia Coronel Brizio; las y los regidores An\u00edbal Pacheco L\u00f3pez, Helen Sarmiento Jaen, Antonio Ballesteros Grayeb, Zabdy Asmaveth Quezada Valdez, Diego David Florescano P\u00e9rez, Martha Valentina Dom\u00ednguez V\u00e1squez, Guadalupe M\u00e1rquez Leonardo, Carlos Rugerio Mart\u00ednez, Minerva Salcedo Baca, Mart\u00edn Victoriano Espinoza Rold\u00e1n, Ana Cristina Hern\u00e1ndez Aburto, Daniel Fern\u00e1ndez Carri\u00f3n y Alfonso Marcos Garc\u00eda Castillo.<\/p>\n\n\n\n<figure class=\"wp-block-image size-large\"><img loading=\"lazy\" decoding=\"async\" width=\"1024\" height=\"683\" src=\"https:\/\/encuentroinformativo.com.mx\/wp-content\/uploads\/2021\/12\/52D74C00-A7CB-47C8-B628-0C5677096A72-1024x683.jpeg\" alt=\"\" class=\"wp-image-21783\" srcset=\"https:\/\/encuentroinformativo.com.mx\/wp-content\/uploads\/2021\/12\/52D74C00-A7CB-47C8-B628-0C5677096A72-1024x683.jpeg 1024w, https:\/\/encuentroinformativo.com.mx\/wp-content\/uploads\/2021\/12\/52D74C00-A7CB-47C8-B628-0C5677096A72-300x200.jpeg 300w, https:\/\/encuentroinformativo.com.mx\/wp-content\/uploads\/2021\/12\/52D74C00-A7CB-47C8-B628-0C5677096A72-768x512.jpeg 768w, https:\/\/encuentroinformativo.com.mx\/wp-content\/uploads\/2021\/12\/52D74C00-A7CB-47C8-B628-0C5677096A72-1536x1024.jpeg 1536w, https:\/\/encuentroinformativo.com.mx\/wp-content\/uploads\/2021\/12\/52D74C00-A7CB-47C8-B628-0C5677096A72-2048x1365.jpeg 2048w\" sizes=\"auto, (max-width: 1024px) 100vw, 1024px\" \/><\/figure>\n\n\n\n<figure class=\"wp-block-image size-large\"><img loading=\"lazy\" decoding=\"async\" width=\"1024\" height=\"683\" src=\"https:\/\/encuentroinformativo.com.mx\/wp-content\/uploads\/2021\/12\/3CB92B3C-2089-40FD-9134-4A951E0A8AE4-1024x683.jpeg\" alt=\"\" class=\"wp-image-21784\" srcset=\"https:\/\/encuentroinformativo.com.mx\/wp-content\/uploads\/2021\/12\/3CB92B3C-2089-40FD-9134-4A951E0A8AE4-1024x683.jpeg 1024w, https:\/\/encuentroinformativo.com.mx\/wp-content\/uploads\/2021\/12\/3CB92B3C-2089-40FD-9134-4A951E0A8AE4-300x200.jpeg 300w, https:\/\/encuentroinformativo.com.mx\/wp-content\/uploads\/2021\/12\/3CB92B3C-2089-40FD-9134-4A951E0A8AE4-768x512.jpeg 768w, https:\/\/encuentroinformativo.com.mx\/wp-content\/uploads\/2021\/12\/3CB92B3C-2089-40FD-9134-4A951E0A8AE4-1536x1024.jpeg 1536w, https:\/\/encuentroinformativo.com.mx\/wp-content\/uploads\/2021\/12\/3CB92B3C-2089-40FD-9134-4A951E0A8AE4-2048x1365.jpeg 2048w\" sizes=\"auto, (max-width: 1024px) 100vw, 1024px\" \/><\/figure>\n","protected":false},"excerpt":{"rendered":"<p>*Rinde Ricardo Ahued protesta como Presidente Municipal para el periodo 2022-2025.\u00a0Xalapa, Ver.- S\u00e9 lo que hay que hacer y lo haremos con trabajo, transparencia, car\u00e1cter para tomar decisiones y el apoyo de todas y todos los que aman a Xalapa; afirm\u00f3 Ricardo Ahued Bardahuil al rendir protesta como presidente municipal constitucional de Xalapa para el [&hellip;]<\/p>\n","protected":false},"author":1,"featured_media":21782,"comment_status":"open","ping_status":"open","sticky":false,"template":"","format":"standard","meta":{"_jetpack_memberships_contains_paid_content":false,"footnotes":""},"categories":[3],"tags":[],"class_list":["post-21781","post","type-post","status-publish","format-standard","has-post-thumbnail","hentry","category-xalapa"],"jetpack_featured_media_url":"https:\/\/encuentroinformativo.com.mx\/wp-content\/uploads\/2021\/12\/0C4B0FE0-09C2-4885-9197-79FE9BBA308F.jpeg","jetpack_sharing_enabled":true,"jetpack_likes_enabled":true,"amp_enabled":true,"_links":{"self":[{"href":"https:\/\/encuentroinformativo.com.mx\/index.php?rest_route=\/wp\/v2\/posts\/21781","targetHints":{"allow":["GET"]}}],"collection":[{"href":"https:\/\/encuentroinformativo.com.mx\/index.php?rest_route=\/wp\/v2\/posts"}],"about":[{"href":"https:\/\/encuentroinformativo.com.mx\/index.php?rest_route=\/wp\/v2\/types\/post"}],"author":[{"embeddable":true,"href":"https:\/\/encuentroinformativo.com.mx\/index.php?rest_route=\/wp\/v2\/users\/1"}],"replies":[{"embeddable":true,"href":"https:\/\/encuentroinformativo.com.mx\/index.php?rest_route=%2Fwp%2Fv2%2Fcomments&post=21781"}],"version-history":[{"count":1,"href":"https:\/\/encuentroinformativo.com.mx\/index.php?rest_route=\/wp\/v2\/posts\/21781\/revisions"}],"predecessor-version":[{"id":21785,"href":"https:\/\/encuentroinformativo.com.mx\/index.php?rest_route=\/wp\/v2\/posts\/21781\/revisions\/21785"}],"wp:featuredmedia":[{"embeddable":true,"href":"https:\/\/encuentroinformativo.com.mx\/index.php?rest_route=\/wp\/v2\/media\/21782"}],"wp:attachment":[{"href":"https:\/\/encuentroinformativo.com.mx\/index.php?rest_route=%2Fwp%2Fv2%2Fmedia&parent=21781"}],"wp:term":[{"taxonomy":"category","embeddable":true,"href":"https:\/\/encuentroinformativo.com.mx\/index.php?rest_route=%2Fwp%2Fv2%2Fcategories&post=21781"},{"taxonomy":"post_tag","embeddable":true,"href":"https:\/\/encuentroinformativo.com.mx\/index.php?rest_route=%2Fwp%2Fv2%2Ftags&post=21781"}],"curies":[{"name":"wp","href":"https:\/\/api.w.org\/{rel}","templated":true}]}}