{"id":21786,"date":"2021-12-31T16:13:05","date_gmt":"2021-12-31T22:13:05","guid":{"rendered":"https:\/\/encuentroinformativo.com.mx\/?p=21786"},"modified":"2021-12-31T15:24:57","modified_gmt":"2021-12-31T21:24:57","slug":"paty-lobeira-solicitara-audiencia-con-el-ejecutivo-federal","status":"publish","type":"post","link":"https:\/\/encuentroinformativo.com.mx\/?p=21786","title":{"rendered":"Paty Lobeira solicitar\u00e1 audiencia con el ejecutivo federal"},"content":{"rendered":"\n<p><strong>Alejandro \u00c1vila<\/strong><\/p>\n\n\n\n<p>Veracruz, Ver.- Dentro de su discurso tras Tomar Protesta como alcaldesa de Veracruz, Patricia Lobeira Rodr\u00edguez lament\u00f3 que el gobernador Cuitl\u00e1huac Garc\u00eda Jim\u00e9nez no haya aceptado su invitaci\u00f3n para acudir al evento protocolario.<\/p>\n\n\n\n<p>Adem\u00e1s, dijo que solicitat\u00e1 una audiencia con el presidente de M\u00e9xico, Andr\u00e9s Manuel L\u00f3pez Obrador, para intentar concretar un Programa Integral de Desarrollo que ayude al municipio m\u00e1s importante del Estado, a volver los primeros lugares nacionales de competitividad en varios rubros.<\/p>\n\n\n\n<p>&#8220;Para dar el primer paso, invit\u00e9 al gobernador a que asistiera a este evento, lamento mucho que no haya aceptado la invitaci\u00f3n, le quiero decir desde aqu\u00ed, que siempre ser\u00e1 bienvenido&#8221;.<\/p>\n\n\n\n<p>&#8220;El d\u00eda de ma\u00f1ana enviar\u00e9 una solicitud de audiencia al Presidente de la Rep\u00fablica, me propongo plantearle un Programa Integral de Desarrollo para nuestra ciudad, vinculado a las actividades econ\u00f3micas m\u00e1s relevantes, como lo son el comercio internacional, nacional y regional, el turismo, la industria, los servicios educativos y de salud, y otros m\u00e1s&#8221;, subray\u00f3.<\/p>\n\n\n\n<p>Lobeira Rodr\u00edguez tom\u00f3 protesta este viernes a los 13 ediles que engrosaran su Cabildo, recordando que adem\u00e1s de ella y el S\u00edndico, habr\u00e1 seis regidores de su partido, Acci\u00f3n Nacional, seis regidores de Morena y una regidora del PRI.<\/p>\n\n\n\n<p>Este s\u00e1bado a las 10 de la ma\u00f1ana se llevar\u00e1 a cabo la primer sesi\u00f3n de Cabildo, donde se podr\u00eda entregar las comisiones de los ediles del Ayuntamiento de Veracruz.<\/p>\n","protected":false},"excerpt":{"rendered":"<p>Alejandro \u00c1vila Veracruz, Ver.- Dentro de su discurso tras Tomar Protesta como alcaldesa de Veracruz, Patricia Lobeira Rodr\u00edguez lament\u00f3 que el gobernador Cuitl\u00e1huac Garc\u00eda Jim\u00e9nez no haya aceptado su invitaci\u00f3n para acudir al evento protocolario. Adem\u00e1s, dijo que solicitat\u00e1 una audiencia con el presidente de M\u00e9xico, Andr\u00e9s Manuel L\u00f3pez Obrador, para intentar concretar un Programa [&hellip;]<\/p>\n","protected":false},"author":1,"featured_media":21787,"comment_status":"open","ping_status":"open","sticky":false,"template":"","format":"standard","meta":{"_jetpack_memberships_contains_paid_content":false,"footnotes":""},"categories":[2],"tags":[],"class_list":["post-21786","post","type-post","status-publish","format-standard","has-post-thumbnail","hentry","category-estado"],"jetpack_featured_media_url":"https:\/\/encuentroinformativo.com.mx\/wp-content\/uploads\/2021\/12\/0ED5B4DB-FEB2-4268-9310-9CD43C5C2337.jpeg","jetpack_sharing_enabled":true,"jetpack_likes_enabled":true,"amp_enabled":true,"_links":{"self":[{"href":"https:\/\/encuentroinformativo.com.mx\/index.php?rest_route=\/wp\/v2\/posts\/21786","targetHints":{"allow":["GET"]}}],"collection":[{"href":"https:\/\/encuentroinformativo.com.mx\/index.php?rest_route=\/wp\/v2\/posts"}],"about":[{"href":"https:\/\/encuentroinformativo.com.mx\/index.php?rest_route=\/wp\/v2\/types\/post"}],"author":[{"embeddable":true,"href":"https:\/\/encuentroinformativo.com.mx\/index.php?rest_route=\/wp\/v2\/users\/1"}],"replies":[{"embeddable":true,"href":"https:\/\/encuentroinformativo.com.mx\/index.php?rest_route=%2Fwp%2Fv2%2Fcomments&post=21786"}],"version-history":[{"count":1,"href":"https:\/\/encuentroinformativo.com.mx\/index.php?rest_route=\/wp\/v2\/posts\/21786\/revisions"}],"predecessor-version":[{"id":21788,"href":"https:\/\/encuentroinformativo.com.mx\/index.php?rest_route=\/wp\/v2\/posts\/21786\/revisions\/21788"}],"wp:featuredmedia":[{"embeddable":true,"href":"https:\/\/encuentroinformativo.com.mx\/index.php?rest_route=\/wp\/v2\/media\/21787"}],"wp:attachment":[{"href":"https:\/\/encuentroinformativo.com.mx\/index.php?rest_route=%2Fwp%2Fv2%2Fmedia&parent=21786"}],"wp:term":[{"taxonomy":"category","embeddable":true,"href":"https:\/\/encuentroinformativo.com.mx\/index.php?rest_route=%2Fwp%2Fv2%2Fcategories&post=21786"},{"taxonomy":"post_tag","embeddable":true,"href":"https:\/\/encuentroinformativo.com.mx\/index.php?rest_route=%2Fwp%2Fv2%2Ftags&post=21786"}],"curies":[{"name":"wp","href":"https:\/\/api.w.org\/{rel}","templated":true}]}}