{"id":21791,"date":"2021-12-31T17:01:28","date_gmt":"2021-12-31T23:01:28","guid":{"rendered":"https:\/\/encuentroinformativo.com.mx\/?p=21791"},"modified":"2021-12-31T17:01:32","modified_gmt":"2021-12-31T23:01:32","slug":"detienen-a-alcalde-electo-de-lerdo-de-tejeda","status":"publish","type":"post","link":"https:\/\/encuentroinformativo.com.mx\/?p=21791","title":{"rendered":"Detienen a alcalde electo de Lerdo de Tejeda"},"content":{"rendered":"\n<p><strong>Juan Arcos<\/strong><\/p>\n\n\n\n<p>Xalapa, Ver.- La Fiscal\u00eda General del Estado de Veracruz (FGE) confirm\u00f3 la detenci\u00f3n del alcalde electo de Lerdo de Tejada, \u00c1ngel \u201cN\u201d, por su presunta responsabilidad en los delitos de extorsi\u00f3n y amenazas.<\/p>\n\n\n\n<p>Esto ocurri\u00f3 a unas horas de que rindiera protesta como Presidente Municipal para suplir a Fabi\u00e1n \u201cN\u201d, quien fue arrestado el pasado 1 de diciembre por el delito de secuestro agravado dentro del proceso penal 398\/2021.<\/p>\n\n\n\n<p>Ese mismo d\u00eda tambi\u00e9n fue detenida Adriana \u201cN\u201d, funcionaria de la Fiscal\u00eda General del Estado, se\u00f1alada de tratar de impedir la detenci\u00f3n del alcalde electo de Lerdo de Tejada.<\/p>\n\n\n\n<p>\u00c1ngel \u201cN\u201d es familiar de la exfuncionaria en la Fiscal\u00eda de Veracruz, quien tambi\u00e9n se hab\u00eda desempe\u00f1ado como secretaria privada de la titular de la FGE, Ver\u00f3nica Hern\u00e1ndez Giad\u00e1ns.<\/p>\n\n\n\n<p>En un breve comunicado, la Fiscal\u00eda de Veracruz indic\u00f3 que polic\u00edas ministeriales ejecutaron una orden de aprehensi\u00f3n en contra de \u00c1ngel \u201cN\u201d, dentro del proceso penal \u00a0427\/2021.<\/p>\n\n\n\n<p>Por tal motivo, ser\u00e1 trasladado al penal de Pacho Viejo, municipio de Coatepec, donde ser\u00eda presentado ante un juez de control para legalizar su detenci\u00f3n.<\/p>\n\n\n\n<p>\u201cRespetando sus derechos humanos y el debido proceso ser\u00e1 presentado en audiencia inicial al juez de proceso y procedimiento penal oral del XI Distrito Judicial de Xalapa que lo requiere, para que defina su situaci\u00f3n jur\u00eddica\u201d, se lee en el bolet\u00edn de la Fiscal\u00eda.<\/p>\n\n\n\n<p>Cabe recordar que Fabi\u00e1n \u201cN\u201d y \u00c1ngel \u201cN\u201d participaron en la contienda electoral del pasado 6 de junio bajo las siglas del partido Movimiento de Regeneraci\u00f3n Nacional (Morena).<\/p>\n\n\n\n<p>En su momento, el gobernador de Veracruz, Cuitl\u00e1huac Garc\u00eda Jim\u00e9nez, asegur\u00f3 que la FGE act\u00faa sin miramientos pol\u00edticos y garantiza la procuraci\u00f3n de justicia en la entidad.<\/p>\n\n\n\n<p>Tras la detenci\u00f3n de Fabi\u00e1n \u201cN\u201d, el delegado estatal en funciones de presidente de Morena, Esteban Ram\u00edrez Zepeta, se\u00f1al\u00f3 que en su partido quien no respete la ley deber\u00e1 rendir cuentas ante las autoridades.<\/p>\n\n\n\n<p>Fabi\u00e1n \u201cN\u201d es investigado por su probable participaci\u00f3n en el secuestro y homicidio de Juan Carlos &#8220;N&#8221;, hermano del extitular de la Secretar\u00eda de Seguridad P\u00fablica (SSP), Alejandro Montano Guzm\u00e1n, cuyo cuerpo fue encontrado en la cajuela de un veh\u00edculo el pasado 12 de noviembre en el municipio de Emiliano Zapata.<\/p>\n","protected":false},"excerpt":{"rendered":"<p>Juan Arcos Xalapa, Ver.- La Fiscal\u00eda General del Estado de Veracruz (FGE) confirm\u00f3 la detenci\u00f3n del alcalde electo de Lerdo de Tejada, \u00c1ngel \u201cN\u201d, por su presunta responsabilidad en los delitos de extorsi\u00f3n y amenazas. Esto ocurri\u00f3 a unas horas de que rindiera protesta como Presidente Municipal para suplir a Fabi\u00e1n \u201cN\u201d, quien fue arrestado [&hellip;]<\/p>\n","protected":false},"author":1,"featured_media":21792,"comment_status":"open","ping_status":"open","sticky":false,"template":"","format":"standard","meta":{"_jetpack_memberships_contains_paid_content":false,"footnotes":""},"categories":[14],"tags":[],"class_list":["post-21791","post","type-post","status-publish","format-standard","has-post-thumbnail","hentry","category-policiaca"],"jetpack_featured_media_url":"https:\/\/encuentroinformativo.com.mx\/wp-content\/uploads\/2021\/12\/856ADA16-BE48-4C59-B195-543A27474C4E.jpeg","jetpack_sharing_enabled":true,"jetpack_likes_enabled":true,"amp_enabled":true,"_links":{"self":[{"href":"https:\/\/encuentroinformativo.com.mx\/index.php?rest_route=\/wp\/v2\/posts\/21791","targetHints":{"allow":["GET"]}}],"collection":[{"href":"https:\/\/encuentroinformativo.com.mx\/index.php?rest_route=\/wp\/v2\/posts"}],"about":[{"href":"https:\/\/encuentroinformativo.com.mx\/index.php?rest_route=\/wp\/v2\/types\/post"}],"author":[{"embeddable":true,"href":"https:\/\/encuentroinformativo.com.mx\/index.php?rest_route=\/wp\/v2\/users\/1"}],"replies":[{"embeddable":true,"href":"https:\/\/encuentroinformativo.com.mx\/index.php?rest_route=%2Fwp%2Fv2%2Fcomments&post=21791"}],"version-history":[{"count":1,"href":"https:\/\/encuentroinformativo.com.mx\/index.php?rest_route=\/wp\/v2\/posts\/21791\/revisions"}],"predecessor-version":[{"id":21793,"href":"https:\/\/encuentroinformativo.com.mx\/index.php?rest_route=\/wp\/v2\/posts\/21791\/revisions\/21793"}],"wp:featuredmedia":[{"embeddable":true,"href":"https:\/\/encuentroinformativo.com.mx\/index.php?rest_route=\/wp\/v2\/media\/21792"}],"wp:attachment":[{"href":"https:\/\/encuentroinformativo.com.mx\/index.php?rest_route=%2Fwp%2Fv2%2Fmedia&parent=21791"}],"wp:term":[{"taxonomy":"category","embeddable":true,"href":"https:\/\/encuentroinformativo.com.mx\/index.php?rest_route=%2Fwp%2Fv2%2Fcategories&post=21791"},{"taxonomy":"post_tag","embeddable":true,"href":"https:\/\/encuentroinformativo.com.mx\/index.php?rest_route=%2Fwp%2Fv2%2Ftags&post=21791"}],"curies":[{"name":"wp","href":"https:\/\/api.w.org\/{rel}","templated":true}]}}