{"id":21798,"date":"2022-01-01T12:07:30","date_gmt":"2022-01-01T18:07:30","guid":{"rendered":"https:\/\/encuentroinformativo.com.mx\/?p=21798"},"modified":"2022-01-01T12:07:34","modified_gmt":"2022-01-01T18:07:34","slug":"este-domingo-presentaran-gabinete-del-ayuntamiento-de-boca-del-rio","status":"publish","type":"post","link":"https:\/\/encuentroinformativo.com.mx\/?p=21798","title":{"rendered":"Este domingo presentar\u00e1n gabinete del Ayuntamiento de Boca del R\u00edo"},"content":{"rendered":"\n<p><strong>Alejandro \u00c1vila<\/strong><\/p>\n\n\n\n<p>Boca del R\u00edo, Ver.- Este domingo por la ma\u00f1ana, el alcalde de Boca del R\u00edo, Juan Manuel Unanue Abascal, presentar\u00e1 el gabinete que lo acompa\u00f1ar\u00e1 en la administraci\u00f3n 2022 &#8211; 2025.<\/p>\n\n\n\n<p>&#8220;Ahorita tenemos a las 10 de la ma\u00f1ana sesi\u00f3n de Cabildo, en donde se tocar\u00e1n muchos temas, comisiones para los regidores, se har\u00e1n los nombramientos que se tienen que dar, Tesorer\u00eda, Obra P\u00fablica, son 5 direcciones las que en Cabildo se someter\u00e1n a consideraci\u00f3n de los regidores y empezar a trabajar ya. El d\u00eda se ma\u00f1ana se presenta el Gabinete, legal y ampliado&#8221;, subray\u00f3.<\/p>\n\n\n\n<p>El panista aclar\u00f3 que los directores de su Ayuntamiento siempre estuvieron bien definidos y la confirmaci\u00f3n del triunfo de Patricia Lobeira como alcaldesa de Veracruz, no modific\u00f3 ning\u00fan nombramiento de su Gabinete.<\/p>\n\n\n\n<p>&#8220;Nosotros tenemos bien definido quienes participan, desde hoy ya algunos est\u00e1n en funciones, pero no lo quise hacer porque algunos van a ser aprobados por el Cabildo, quise dar a conocer el equipo completo, ya despu\u00e9s de ser aprobado en la Sesi\u00f3n de Cabildo, todos los puntos. El d\u00eda de ma\u00f1ana, les confirmar\u00e9 la hora, pero presentar\u00e9 al equipo ya completo&#8221;, remat\u00f3.<\/p>\n\n\n\n<p>Entrevistado a primera hora de la ma\u00f1ana en el bulevar &#8220;Manuel \u00c1vila Camacho&#8221;, donde acudio a supervisar el &#8220;Operativo Amanecer&#8221;, destac\u00f3 que en el mismo, hubo &#8220;Saldo Blanco&#8221;.<\/p>\n\n\n\n<p><\/p>\n","protected":false},"excerpt":{"rendered":"<p>Alejandro \u00c1vila Boca del R\u00edo, Ver.- Este domingo por la ma\u00f1ana, el alcalde de Boca del R\u00edo, Juan Manuel Unanue Abascal, presentar\u00e1 el gabinete que lo acompa\u00f1ar\u00e1 en la administraci\u00f3n 2022 &#8211; 2025. &#8220;Ahorita tenemos a las 10 de la ma\u00f1ana sesi\u00f3n de Cabildo, en donde se tocar\u00e1n muchos temas, comisiones para los regidores, se [&hellip;]<\/p>\n","protected":false},"author":1,"featured_media":21799,"comment_status":"open","ping_status":"open","sticky":false,"template":"","format":"standard","meta":{"_jetpack_memberships_contains_paid_content":false,"footnotes":""},"categories":[2],"tags":[],"class_list":["post-21798","post","type-post","status-publish","format-standard","has-post-thumbnail","hentry","category-estado"],"jetpack_featured_media_url":"https:\/\/encuentroinformativo.com.mx\/wp-content\/uploads\/2022\/01\/B9E0E748-B860-4A63-84AC-0C124CFF1384.jpeg","jetpack_sharing_enabled":true,"jetpack_likes_enabled":true,"amp_enabled":true,"_links":{"self":[{"href":"https:\/\/encuentroinformativo.com.mx\/index.php?rest_route=\/wp\/v2\/posts\/21798","targetHints":{"allow":["GET"]}}],"collection":[{"href":"https:\/\/encuentroinformativo.com.mx\/index.php?rest_route=\/wp\/v2\/posts"}],"about":[{"href":"https:\/\/encuentroinformativo.com.mx\/index.php?rest_route=\/wp\/v2\/types\/post"}],"author":[{"embeddable":true,"href":"https:\/\/encuentroinformativo.com.mx\/index.php?rest_route=\/wp\/v2\/users\/1"}],"replies":[{"embeddable":true,"href":"https:\/\/encuentroinformativo.com.mx\/index.php?rest_route=%2Fwp%2Fv2%2Fcomments&post=21798"}],"version-history":[{"count":1,"href":"https:\/\/encuentroinformativo.com.mx\/index.php?rest_route=\/wp\/v2\/posts\/21798\/revisions"}],"predecessor-version":[{"id":21800,"href":"https:\/\/encuentroinformativo.com.mx\/index.php?rest_route=\/wp\/v2\/posts\/21798\/revisions\/21800"}],"wp:featuredmedia":[{"embeddable":true,"href":"https:\/\/encuentroinformativo.com.mx\/index.php?rest_route=\/wp\/v2\/media\/21799"}],"wp:attachment":[{"href":"https:\/\/encuentroinformativo.com.mx\/index.php?rest_route=%2Fwp%2Fv2%2Fmedia&parent=21798"}],"wp:term":[{"taxonomy":"category","embeddable":true,"href":"https:\/\/encuentroinformativo.com.mx\/index.php?rest_route=%2Fwp%2Fv2%2Fcategories&post=21798"},{"taxonomy":"post_tag","embeddable":true,"href":"https:\/\/encuentroinformativo.com.mx\/index.php?rest_route=%2Fwp%2Fv2%2Ftags&post=21798"}],"curies":[{"name":"wp","href":"https:\/\/api.w.org\/{rel}","templated":true}]}}