{"id":21804,"date":"2022-01-01T13:59:38","date_gmt":"2022-01-01T19:59:38","guid":{"rendered":"https:\/\/encuentroinformativo.com.mx\/?p=21804"},"modified":"2022-01-01T13:59:43","modified_gmt":"2022-01-01T19:59:43","slug":"en-el-ano-que-inicia-llama-iglesia-a-mantener-la-fe-en-dios","status":"publish","type":"post","link":"https:\/\/encuentroinformativo.com.mx\/?p=21804","title":{"rendered":"En el a\u00f1o que inicia, llama Iglesia a mantener la fe en Dios"},"content":{"rendered":"\n<p>Xalapa, Ver.- Durante la primera misa de este a\u00f1o Roberto Reyes Anaya p\u00e1rroco de Catedral, llam\u00f3 a los fieles cat\u00f3licos a iniciar este a\u00f1o nuevo con la certeza de que en los problemas y enfermedades &#8220;Dios est\u00e1 con nosotros&#8221;.<\/p>\n\n\n\n<p>El ministro religioso afirm\u00f3 que es la fe en Dios \u201clo que nos va a ayudar para realizar nuestras tareas, enfrentar nuestros problemas y saber vivir nuestras enfermedades\u201d.<\/p>\n\n\n\n<figure class=\"wp-block-image size-large\"><img loading=\"lazy\" decoding=\"async\" width=\"1024\" height=\"520\" src=\"https:\/\/encuentroinformativo.com.mx\/wp-content\/uploads\/2022\/01\/5BC47DFC-B4CA-4004-8B98-6D4C984098A8-1024x520.jpeg\" alt=\"\" class=\"wp-image-21806\" srcset=\"https:\/\/encuentroinformativo.com.mx\/wp-content\/uploads\/2022\/01\/5BC47DFC-B4CA-4004-8B98-6D4C984098A8-1024x520.jpeg 1024w, https:\/\/encuentroinformativo.com.mx\/wp-content\/uploads\/2022\/01\/5BC47DFC-B4CA-4004-8B98-6D4C984098A8-300x152.jpeg 300w, https:\/\/encuentroinformativo.com.mx\/wp-content\/uploads\/2022\/01\/5BC47DFC-B4CA-4004-8B98-6D4C984098A8-768x390.jpeg 768w, https:\/\/encuentroinformativo.com.mx\/wp-content\/uploads\/2022\/01\/5BC47DFC-B4CA-4004-8B98-6D4C984098A8-1536x780.jpeg 1536w, https:\/\/encuentroinformativo.com.mx\/wp-content\/uploads\/2022\/01\/5BC47DFC-B4CA-4004-8B98-6D4C984098A8-2048x1041.jpeg 2048w\" sizes=\"auto, (max-width: 1024px) 100vw, 1024px\" \/><\/figure>\n","protected":false},"excerpt":{"rendered":"<p>Xalapa, Ver.- Durante la primera misa de este a\u00f1o Roberto Reyes Anaya p\u00e1rroco de Catedral, llam\u00f3 a los fieles cat\u00f3licos a iniciar este a\u00f1o nuevo con la certeza de que en los problemas y enfermedades &#8220;Dios est\u00e1 con nosotros&#8221;. El ministro religioso afirm\u00f3 que es la fe en Dios \u201clo que nos va a ayudar [&hellip;]<\/p>\n","protected":false},"author":1,"featured_media":21805,"comment_status":"open","ping_status":"open","sticky":false,"template":"","format":"standard","meta":{"_jetpack_memberships_contains_paid_content":false,"footnotes":""},"categories":[3],"tags":[],"class_list":["post-21804","post","type-post","status-publish","format-standard","has-post-thumbnail","hentry","category-xalapa"],"jetpack_featured_media_url":"https:\/\/encuentroinformativo.com.mx\/wp-content\/uploads\/2022\/01\/2E352399-2A44-4AB6-A561-D29EC40310E0-scaled.jpeg","jetpack_sharing_enabled":true,"jetpack_likes_enabled":true,"amp_enabled":true,"_links":{"self":[{"href":"https:\/\/encuentroinformativo.com.mx\/index.php?rest_route=\/wp\/v2\/posts\/21804","targetHints":{"allow":["GET"]}}],"collection":[{"href":"https:\/\/encuentroinformativo.com.mx\/index.php?rest_route=\/wp\/v2\/posts"}],"about":[{"href":"https:\/\/encuentroinformativo.com.mx\/index.php?rest_route=\/wp\/v2\/types\/post"}],"author":[{"embeddable":true,"href":"https:\/\/encuentroinformativo.com.mx\/index.php?rest_route=\/wp\/v2\/users\/1"}],"replies":[{"embeddable":true,"href":"https:\/\/encuentroinformativo.com.mx\/index.php?rest_route=%2Fwp%2Fv2%2Fcomments&post=21804"}],"version-history":[{"count":1,"href":"https:\/\/encuentroinformativo.com.mx\/index.php?rest_route=\/wp\/v2\/posts\/21804\/revisions"}],"predecessor-version":[{"id":21807,"href":"https:\/\/encuentroinformativo.com.mx\/index.php?rest_route=\/wp\/v2\/posts\/21804\/revisions\/21807"}],"wp:featuredmedia":[{"embeddable":true,"href":"https:\/\/encuentroinformativo.com.mx\/index.php?rest_route=\/wp\/v2\/media\/21805"}],"wp:attachment":[{"href":"https:\/\/encuentroinformativo.com.mx\/index.php?rest_route=%2Fwp%2Fv2%2Fmedia&parent=21804"}],"wp:term":[{"taxonomy":"category","embeddable":true,"href":"https:\/\/encuentroinformativo.com.mx\/index.php?rest_route=%2Fwp%2Fv2%2Fcategories&post=21804"},{"taxonomy":"post_tag","embeddable":true,"href":"https:\/\/encuentroinformativo.com.mx\/index.php?rest_route=%2Fwp%2Fv2%2Ftags&post=21804"}],"curies":[{"name":"wp","href":"https:\/\/api.w.org\/{rel}","templated":true}]}}