{"id":2181,"date":"2020-04-28T17:18:47","date_gmt":"2020-04-28T22:18:47","guid":{"rendered":"https:\/\/encuentroinformativo.com\/?p=2181"},"modified":"2020-04-28T17:20:22","modified_gmt":"2020-04-28T22:20:22","slug":"organizacion-presenta-propuesta-para-titularidad-de-fge","status":"publish","type":"post","link":"https:\/\/encuentroinformativo.com.mx\/?p=2181","title":{"rendered":"Organizaci\u00f3n presenta propuesta para titularidad de FGE"},"content":{"rendered":"\n<p><strong>Dar\u00edo Pale<\/strong> <\/p>\n\n\n\n<p>Xalapa, Ver.- Israel Cruz uno de los integrantes de Fraternidad de L\u00edderes por el Bienestar de Todos, propusieron que Gabriel Alejandro Williams Mendoza, sea considerado como candidato a ocupar la titularidad de la Fiscal\u00eda General del Estado (FGE) de Veracruz.<\/p>\n\n\n\n<p>En conferencia de prensa realizada en conocido caf\u00e9 del centro de Xalapa, indic\u00f3 que la finalidad es respaldar a esta persona porque consideran que tiene experiencia para estar en el cargo.<\/p>\n\n\n\n<p>\u201cSomos un grupo de l\u00edderes humanistas. \u00c9l tiene experiencia en la impartici\u00f3n de justicia\u201d, asegur\u00f3 en la ciudad de Xalapa donde estuvieron presentes diversos representes de colonias y organizaciones.<\/p>\n\n\n\n<p>Adem\u00e1s, pidieron a los diputados de Xalapa (urbano y rural) voten a favor de Gabriel Alejandro Williams Mendoza \u201cson ellos quienes decidir\u00e1n qui\u00e9n ser\u00e1 el Fiscal y estamos pidiendo, que vean su trayectoria, su trabajo y voten por \u00e9l\u201d.<\/p>\n\n\n\n<p>La convocatoria para la terna saldr\u00e1 en los primeros d\u00edas de mayo; dijeron confiar en que Williams Mendoza ser\u00e1 quien sustituya a la encargada de la FGE, Ver\u00f3nica Hern\u00e1ndez Giadans.<\/p>\n","protected":false},"excerpt":{"rendered":"<p>Dar\u00edo Pale Xalapa, Ver.- Israel Cruz uno de los integrantes de Fraternidad de L\u00edderes por el Bienestar de Todos, propusieron que Gabriel Alejandro Williams Mendoza, sea considerado como candidato a ocupar la titularidad de la Fiscal\u00eda General del Estado (FGE) de Veracruz. En conferencia de prensa realizada en conocido caf\u00e9 del centro de Xalapa, indic\u00f3 [&hellip;]<\/p>\n","protected":false},"author":1,"featured_media":2182,"comment_status":"open","ping_status":"open","sticky":false,"template":"","format":"standard","meta":{"_jetpack_memberships_contains_paid_content":false,"footnotes":""},"categories":[3],"tags":[],"class_list":["post-2181","post","type-post","status-publish","format-standard","has-post-thumbnail","hentry","category-xalapa"],"jetpack_featured_media_url":"https:\/\/encuentroinformativo.com.mx\/wp-content\/uploads\/2020\/04\/48C8D902-6645-4F80-AA16-B6E8CE0CF313.jpeg","jetpack_sharing_enabled":true,"jetpack_likes_enabled":true,"amp_enabled":true,"_links":{"self":[{"href":"https:\/\/encuentroinformativo.com.mx\/index.php?rest_route=\/wp\/v2\/posts\/2181","targetHints":{"allow":["GET"]}}],"collection":[{"href":"https:\/\/encuentroinformativo.com.mx\/index.php?rest_route=\/wp\/v2\/posts"}],"about":[{"href":"https:\/\/encuentroinformativo.com.mx\/index.php?rest_route=\/wp\/v2\/types\/post"}],"author":[{"embeddable":true,"href":"https:\/\/encuentroinformativo.com.mx\/index.php?rest_route=\/wp\/v2\/users\/1"}],"replies":[{"embeddable":true,"href":"https:\/\/encuentroinformativo.com.mx\/index.php?rest_route=%2Fwp%2Fv2%2Fcomments&post=2181"}],"version-history":[{"count":1,"href":"https:\/\/encuentroinformativo.com.mx\/index.php?rest_route=\/wp\/v2\/posts\/2181\/revisions"}],"predecessor-version":[{"id":2183,"href":"https:\/\/encuentroinformativo.com.mx\/index.php?rest_route=\/wp\/v2\/posts\/2181\/revisions\/2183"}],"wp:featuredmedia":[{"embeddable":true,"href":"https:\/\/encuentroinformativo.com.mx\/index.php?rest_route=\/wp\/v2\/media\/2182"}],"wp:attachment":[{"href":"https:\/\/encuentroinformativo.com.mx\/index.php?rest_route=%2Fwp%2Fv2%2Fmedia&parent=2181"}],"wp:term":[{"taxonomy":"category","embeddable":true,"href":"https:\/\/encuentroinformativo.com.mx\/index.php?rest_route=%2Fwp%2Fv2%2Fcategories&post=2181"},{"taxonomy":"post_tag","embeddable":true,"href":"https:\/\/encuentroinformativo.com.mx\/index.php?rest_route=%2Fwp%2Fv2%2Ftags&post=2181"}],"curies":[{"name":"wp","href":"https:\/\/api.w.org\/{rel}","templated":true}]}}