{"id":21818,"date":"2022-01-01T18:47:33","date_gmt":"2022-01-02T00:47:33","guid":{"rendered":"https:\/\/encuentroinformativo.com.mx\/?p=21818"},"modified":"2022-01-01T18:47:37","modified_gmt":"2022-01-02T00:47:37","slug":"ponen-en-marcha-camiones-recolectores-en-medellin","status":"publish","type":"post","link":"https:\/\/encuentroinformativo.com.mx\/?p=21818","title":{"rendered":"Ponen en marcha camiones recolectores en Medell\u00edn"},"content":{"rendered":"\n<p><strong>Alejandro \u00c1vila<\/strong><\/p>\n\n\n\n<p>Medell\u00edn de Bravo, Ver.- Este s\u00e1bado por la ma\u00f1ana, el alcalde de Medell\u00edn de Bravo, Marcos Isle\u00f1o Andrade, puso en marcha los seis camiones recolectores de basura de renta, con lo que se busca abatir el problema que afect\u00f3 durante varias semanas a los medellinenses.<\/p>\n\n\n\n<p>Desde primera hora los camiones iniciaron sus tareas de recolecci\u00f3n en todas las colonias, fraccionamientos y comunidades, empezando por Puente Moreno, Arboledas San Ram\u00f3n y El Tejar.<\/p>\n\n\n\n<p>El prop\u00f3sito, explic\u00f3 el alcalde Marcos Isle\u00f1o Andrade, es que dicha ruta iniciara de norte a sur hasta abarcar todas las zonas en donde la acumulaci\u00f3n de basura se ha convertido en aut\u00e9ntico foco de infecci\u00f3n.<\/p>\n\n\n\n<p>Esta informacion fue dada a conocer a trav\u00e9s de sus redes sociales, donde Marcos Isle\u00f1o Andrade hizo transmisi\u00f3n desde el Rastro, ah\u00ed el mun\u00edcipe explic\u00f3 que los camiones recolectores propiedad del municipio est\u00e1n en calidad de chatarra debido a que nunca recibieron el mantenimiento adecuado, provocando que fueran inoperantes para el servicio de recolecci\u00f3n.<\/p>\n\n\n\n<p>Estas unidades, remarc\u00f3 el edil, ser\u00e1n reparadas en el presente mes para que se integren a la flotilla de Limpia P\u00fablica que abatir\u00e1n el rezago que existe en esa materia y para evitar gastos extraordinarios en la renta de ese tipo de veh\u00edculos.<\/p>\n\n\n\n<p>Isle\u00f1o Andrade fue claro al precisar que la renta de las seis unidades -que hoy se pusieron en circulaci\u00f3n- ser\u00e1 \u00fanicamente por el mes de enero.<\/p>\n\n\n\n<p>\u201cLas irregularidades que encontremos no ser\u00e1n impedimento ni pretexto para que se cumpla con el compromiso que hice con los ciudadanos de hacer resurgir a Medell\u00edn en menos de un a\u00f1o. Los medellinenses lo merecen\u201d, concluy\u00f3.<\/p>\n","protected":false},"excerpt":{"rendered":"<p>Alejandro \u00c1vila Medell\u00edn de Bravo, Ver.- Este s\u00e1bado por la ma\u00f1ana, el alcalde de Medell\u00edn de Bravo, Marcos Isle\u00f1o Andrade, puso en marcha los seis camiones recolectores de basura de renta, con lo que se busca abatir el problema que afect\u00f3 durante varias semanas a los medellinenses. Desde primera hora los camiones iniciaron sus tareas [&hellip;]<\/p>\n","protected":false},"author":1,"featured_media":21819,"comment_status":"open","ping_status":"open","sticky":false,"template":"","format":"standard","meta":{"_jetpack_memberships_contains_paid_content":false,"footnotes":""},"categories":[2],"tags":[],"class_list":["post-21818","post","type-post","status-publish","format-standard","has-post-thumbnail","hentry","category-estado"],"jetpack_featured_media_url":"https:\/\/encuentroinformativo.com.mx\/wp-content\/uploads\/2022\/01\/DD9E653B-C4E6-4302-AE3B-345923EE2131.jpeg","jetpack_sharing_enabled":true,"jetpack_likes_enabled":true,"amp_enabled":true,"_links":{"self":[{"href":"https:\/\/encuentroinformativo.com.mx\/index.php?rest_route=\/wp\/v2\/posts\/21818","targetHints":{"allow":["GET"]}}],"collection":[{"href":"https:\/\/encuentroinformativo.com.mx\/index.php?rest_route=\/wp\/v2\/posts"}],"about":[{"href":"https:\/\/encuentroinformativo.com.mx\/index.php?rest_route=\/wp\/v2\/types\/post"}],"author":[{"embeddable":true,"href":"https:\/\/encuentroinformativo.com.mx\/index.php?rest_route=\/wp\/v2\/users\/1"}],"replies":[{"embeddable":true,"href":"https:\/\/encuentroinformativo.com.mx\/index.php?rest_route=%2Fwp%2Fv2%2Fcomments&post=21818"}],"version-history":[{"count":1,"href":"https:\/\/encuentroinformativo.com.mx\/index.php?rest_route=\/wp\/v2\/posts\/21818\/revisions"}],"predecessor-version":[{"id":21820,"href":"https:\/\/encuentroinformativo.com.mx\/index.php?rest_route=\/wp\/v2\/posts\/21818\/revisions\/21820"}],"wp:featuredmedia":[{"embeddable":true,"href":"https:\/\/encuentroinformativo.com.mx\/index.php?rest_route=\/wp\/v2\/media\/21819"}],"wp:attachment":[{"href":"https:\/\/encuentroinformativo.com.mx\/index.php?rest_route=%2Fwp%2Fv2%2Fmedia&parent=21818"}],"wp:term":[{"taxonomy":"category","embeddable":true,"href":"https:\/\/encuentroinformativo.com.mx\/index.php?rest_route=%2Fwp%2Fv2%2Fcategories&post=21818"},{"taxonomy":"post_tag","embeddable":true,"href":"https:\/\/encuentroinformativo.com.mx\/index.php?rest_route=%2Fwp%2Fv2%2Ftags&post=21818"}],"curies":[{"name":"wp","href":"https:\/\/api.w.org\/{rel}","templated":true}]}}