{"id":21826,"date":"2022-01-02T13:48:55","date_gmt":"2022-01-02T19:48:55","guid":{"rendered":"https:\/\/encuentroinformativo.com.mx\/?p=21826"},"modified":"2022-01-02T13:52:10","modified_gmt":"2022-01-02T19:52:10","slug":"zonas-indigenas-pendientes-de-esquema-de-vacunacion","status":"publish","type":"post","link":"https:\/\/encuentroinformativo.com.mx\/?p=21826","title":{"rendered":"Zonas ind\u00edgenas pendientes de esquema de vacunaci\u00f3n"},"content":{"rendered":"\n<p><strong>Juan Arcos<\/strong> <\/p>\n\n\n\n<p>Xalapa, Ver.- En las comunidades ind\u00edgenas del estado de Veracruz se han registrado brotes de SARS-COV-2 (COVID-19); sin embargo, no todos los pobladores han recibido las dos dosis de la vacuna contra este virus.<\/p>\n\n\n\n<p>La activista y defensora de los derechos humanos, Luc\u00eda Caba\u00f1as, detall\u00f3 que este problema se ha presentado en localidades de la zona norte del estado.<\/p>\n\n\n\n<p>Coment\u00f3 que se han detectado casos en Coahuitl\u00e1n, que limita con Filomeno Mata y Coyutla, una zona con altos \u00edndices de pobreza.<\/p>\n\n\n\n<p>En ocasiones, las personases tienen que trasladarse a los hospitales de los municipios de Poza Rica y Papantla, pero muchas veces no tienen ni para el pasaje.<\/p>\n\n\n\n<p>\u201cA veces van al centro de salud y no hay medicamentos, tienen que irse a Poza Rica, Papantla, pero no tienen para el pasaje, han pedido ayuda a los colectivos, pero tampoco tenemos dinero\u201d, cuenta Luc\u00eda Caba\u00f1as.\u00a0<br>La gente ha estado solicitando apoyo para la aplicaci\u00f3n de la vacuna contra el coronavirus, pero no todos han recibido el beneficio.<\/p>\n\n\n\n<p>\u201cHa llegado m\u00e1s en este momento, pero todav\u00eda falta. Ya tienen la primera dosis, pero todav\u00eda hay mucha gente sin vacunar, al principio hab\u00eda resistencia pero ahora ya no\u201d, agrega la entrevistada.<\/p>\n","protected":false},"excerpt":{"rendered":"<p>Juan Arcos Xalapa, Ver.- En las comunidades ind\u00edgenas del estado de Veracruz se han registrado brotes de SARS-COV-2 (COVID-19); sin embargo, no todos los pobladores han recibido las dos dosis de la vacuna contra este virus. La activista y defensora de los derechos humanos, Luc\u00eda Caba\u00f1as, detall\u00f3 que este problema se ha presentado en localidades [&hellip;]<\/p>\n","protected":false},"author":1,"featured_media":21827,"comment_status":"open","ping_status":"open","sticky":false,"template":"","format":"standard","meta":{"_jetpack_memberships_contains_paid_content":false,"footnotes":""},"categories":[2],"tags":[],"class_list":["post-21826","post","type-post","status-publish","format-standard","has-post-thumbnail","hentry","category-estado"],"jetpack_featured_media_url":"https:\/\/encuentroinformativo.com.mx\/wp-content\/uploads\/2022\/01\/6007D96B-DA7A-4D12-8CF3-971659E7895C.jpeg","jetpack_sharing_enabled":true,"jetpack_likes_enabled":true,"amp_enabled":true,"_links":{"self":[{"href":"https:\/\/encuentroinformativo.com.mx\/index.php?rest_route=\/wp\/v2\/posts\/21826","targetHints":{"allow":["GET"]}}],"collection":[{"href":"https:\/\/encuentroinformativo.com.mx\/index.php?rest_route=\/wp\/v2\/posts"}],"about":[{"href":"https:\/\/encuentroinformativo.com.mx\/index.php?rest_route=\/wp\/v2\/types\/post"}],"author":[{"embeddable":true,"href":"https:\/\/encuentroinformativo.com.mx\/index.php?rest_route=\/wp\/v2\/users\/1"}],"replies":[{"embeddable":true,"href":"https:\/\/encuentroinformativo.com.mx\/index.php?rest_route=%2Fwp%2Fv2%2Fcomments&post=21826"}],"version-history":[{"count":1,"href":"https:\/\/encuentroinformativo.com.mx\/index.php?rest_route=\/wp\/v2\/posts\/21826\/revisions"}],"predecessor-version":[{"id":21828,"href":"https:\/\/encuentroinformativo.com.mx\/index.php?rest_route=\/wp\/v2\/posts\/21826\/revisions\/21828"}],"wp:featuredmedia":[{"embeddable":true,"href":"https:\/\/encuentroinformativo.com.mx\/index.php?rest_route=\/wp\/v2\/media\/21827"}],"wp:attachment":[{"href":"https:\/\/encuentroinformativo.com.mx\/index.php?rest_route=%2Fwp%2Fv2%2Fmedia&parent=21826"}],"wp:term":[{"taxonomy":"category","embeddable":true,"href":"https:\/\/encuentroinformativo.com.mx\/index.php?rest_route=%2Fwp%2Fv2%2Fcategories&post=21826"},{"taxonomy":"post_tag","embeddable":true,"href":"https:\/\/encuentroinformativo.com.mx\/index.php?rest_route=%2Fwp%2Fv2%2Ftags&post=21826"}],"curies":[{"name":"wp","href":"https:\/\/api.w.org\/{rel}","templated":true}]}}