{"id":21829,"date":"2022-01-02T14:18:10","date_gmt":"2022-01-02T20:18:10","guid":{"rendered":"https:\/\/encuentroinformativo.com.mx\/?p=21829"},"modified":"2022-01-02T14:18:15","modified_gmt":"2022-01-02T20:18:15","slug":"reanudaran-mesas-de-trabajo-con-colectivos","status":"publish","type":"post","link":"https:\/\/encuentroinformativo.com.mx\/?p=21829","title":{"rendered":"Reanudar\u00e1n mesas de trabajo con colectivos"},"content":{"rendered":"\n<p><strong>Juan Arcos<\/strong><\/p>\n\n\n\n<p>Xalapa, Ver.- Las mesas de trabajo de colectivos de familiares de desaparecidos con el gobernador de Veracruz, Cuitl\u00e1huac Garc\u00eda Jim\u00e9nez, podr\u00edan reanudarse durante este 2022.<\/p>\n\n\n\n<p>La directora general de Cultura de Paz y Derechos Humanos, Mayra Ledesma Arronte, indic\u00f3 que la oficina a su cargo ha buscado que el mandatario estatal encabece dichas audiencias para escuchar el reclamo de las personas y agilizar la b\u00fasqueda de quienes no han sido localizados.<\/p>\n\n\n\n<p>\u201cHemos organizado las mesas con el gobernador que seguramente se van a reanudar (este a\u00f1o)\u201d, expres\u00f3 la funcionaria estatal.<\/p>\n\n\n\n<p>Record\u00f3 que la Direcci\u00f3n General de Cultura de Paz y Derechos Humanos realiza un trabajo de gesti\u00f3n con las dem\u00e1s dependencias para garantizar el respeto de los derechos humanos.<\/p>\n\n\n\n<p>\u201cLo que ha hecho es instrumentar la pol\u00edtica en materia de derechos humanos para transversalizarla en todas las dependencias. No tiene atenci\u00f3n directa a ventanilla, es una oficina de gesti\u00f3n entre las dependencias\u201d.<\/p>\n\n\n\n<p>Cabe recordar que algunos colectivos han manifestado su inconformidad, debido a que el gobierno estatal suspendi\u00f3 los encuentros donde se expon\u00edan las demandas para garantizar el desempe\u00f1o de las instituciones en la b\u00fasqueda de personas desaparecidas.<\/p>\n\n\n\n<p>\u201cFue el tema de la pandemia, yo creo que \u00e9l (Gobernador) ha intentado cuidar la salud de las personas y que seguramente les va a dar una respuesta pronto\u201d, a\u00f1adi\u00f3.<\/p>\n\n\n\n<p>Cabe recordar que los integrantes de los colectivos colocaron esferas con los rostros de sus parientes en una araucaria del parque Ju\u00e1rez, en la ciudad de Xalapa, previo a la Navidad, para recordar a las autoridades que seguir\u00e1n busc\u00e1ndolos hasta encontrarlos y que se requiere el apoyo de las instituciones.<\/p>\n","protected":false},"excerpt":{"rendered":"<p>Juan Arcos Xalapa, Ver.- Las mesas de trabajo de colectivos de familiares de desaparecidos con el gobernador de Veracruz, Cuitl\u00e1huac Garc\u00eda Jim\u00e9nez, podr\u00edan reanudarse durante este 2022. La directora general de Cultura de Paz y Derechos Humanos, Mayra Ledesma Arronte, indic\u00f3 que la oficina a su cargo ha buscado que el mandatario estatal encabece dichas [&hellip;]<\/p>\n","protected":false},"author":1,"featured_media":21830,"comment_status":"open","ping_status":"open","sticky":false,"template":"","format":"standard","meta":{"_jetpack_memberships_contains_paid_content":false,"footnotes":""},"categories":[2],"tags":[],"class_list":["post-21829","post","type-post","status-publish","format-standard","has-post-thumbnail","hentry","category-estado"],"jetpack_featured_media_url":"https:\/\/encuentroinformativo.com.mx\/wp-content\/uploads\/2022\/01\/0456D307-7BFB-4914-98B6-4E3D8B15187E.jpeg","jetpack_sharing_enabled":true,"jetpack_likes_enabled":true,"amp_enabled":true,"_links":{"self":[{"href":"https:\/\/encuentroinformativo.com.mx\/index.php?rest_route=\/wp\/v2\/posts\/21829","targetHints":{"allow":["GET"]}}],"collection":[{"href":"https:\/\/encuentroinformativo.com.mx\/index.php?rest_route=\/wp\/v2\/posts"}],"about":[{"href":"https:\/\/encuentroinformativo.com.mx\/index.php?rest_route=\/wp\/v2\/types\/post"}],"author":[{"embeddable":true,"href":"https:\/\/encuentroinformativo.com.mx\/index.php?rest_route=\/wp\/v2\/users\/1"}],"replies":[{"embeddable":true,"href":"https:\/\/encuentroinformativo.com.mx\/index.php?rest_route=%2Fwp%2Fv2%2Fcomments&post=21829"}],"version-history":[{"count":1,"href":"https:\/\/encuentroinformativo.com.mx\/index.php?rest_route=\/wp\/v2\/posts\/21829\/revisions"}],"predecessor-version":[{"id":21831,"href":"https:\/\/encuentroinformativo.com.mx\/index.php?rest_route=\/wp\/v2\/posts\/21829\/revisions\/21831"}],"wp:featuredmedia":[{"embeddable":true,"href":"https:\/\/encuentroinformativo.com.mx\/index.php?rest_route=\/wp\/v2\/media\/21830"}],"wp:attachment":[{"href":"https:\/\/encuentroinformativo.com.mx\/index.php?rest_route=%2Fwp%2Fv2%2Fmedia&parent=21829"}],"wp:term":[{"taxonomy":"category","embeddable":true,"href":"https:\/\/encuentroinformativo.com.mx\/index.php?rest_route=%2Fwp%2Fv2%2Fcategories&post=21829"},{"taxonomy":"post_tag","embeddable":true,"href":"https:\/\/encuentroinformativo.com.mx\/index.php?rest_route=%2Fwp%2Fv2%2Ftags&post=21829"}],"curies":[{"name":"wp","href":"https:\/\/api.w.org\/{rel}","templated":true}]}}