{"id":21845,"date":"2022-01-02T17:20:14","date_gmt":"2022-01-02T23:20:14","guid":{"rendered":"https:\/\/encuentroinformativo.com.mx\/?p=21845"},"modified":"2022-01-02T17:20:18","modified_gmt":"2022-01-02T23:20:18","slug":"frente-frio-derriba-arboles-en-xalapa","status":"publish","type":"post","link":"https:\/\/encuentroinformativo.com.mx\/?p=21845","title":{"rendered":"Frente fr\u00edo derriba \u00e1rboles en Xalapa"},"content":{"rendered":"\n<p><strong>Juan Arcos<\/strong> <\/p>\n\n\n\n<p>Xalapa, Ver.- Las fuertes rachas de viento registradas en la regi\u00f3n capital por el paso del Frente Fr\u00edo n\u00famero 19 ocasionaron la ca\u00edda de \u00e1rboles y da\u00f1os menores en viviendas en los municipios de Xalapa y Coatepec.<\/p>\n\n\n\n<p>Hubo reportes ciudadanos en los departamentos de Protecci\u00f3n Civil municipal y estatal, as\u00ed como tambi\u00e9n a los cuerpos de bomberos de la capital del estado y del Pueblo M\u00e1gico.<\/p>\n\n\n\n<p>Se registraron reportes por \u00e1rboles ca\u00eddos en diversas calles y avenidas de Xalapa, como Adolfo Ruiz Cortines, L\u00e1zaro C\u00e1rdenas, zona universitaria, colonia Buena Vista y sobre la calle Encanto, afuera del Congreso del Estado, da\u00f1ando un veh\u00edculo que estaba estacionado en la zona.<\/p>\n\n\n\n<p>En este \u00faltimo caso, las ramas cayeron tambi\u00e9n sobre la malla perimetral del Palacio Legislativo, lo que obstaculiz\u00f3 la vialidad.<\/p>\n\n\n\n<p>El viento de norte tambi\u00e9n provoc\u00f3 la ca\u00edda de una ventana en la Torre JV, en la zona sur de la ciudad, da\u00f1ando varios autom\u00f3viles que permanec\u00edan estacionados cerca del sitio.<\/p>\n\n\n\n<p>La Secretar\u00eda de Protecci\u00f3n Civil (PC) emiti\u00f3 la Alerta Gris por la ca\u00edda de postes y redes de cableado el\u00e9ctrico, arbolado y espectaculares.\u00a0<br>En el barrio de El Dique, en la zona del Paseo de los Lagos, hubo reportes por fallas en el servicio de energ\u00eda el\u00e9ctrica, de manera prolongada.<\/p>\n\n\n\n<p>Esto ocurri\u00f3 en las vialidades Reforma y Rodr\u00edguez Clara, donde los hogares se quedaron sin luz desde aproximadamente las 13:30 horas de este domingo 2 de enero.<\/p>\n\n\n\n<p>Varias ramas cayeron sobre el bulevar Xalapa-Coatepec, cerca del acceso hacia la localidad Pacho Viejo, situaci\u00f3n que fue atendida por los bomberos del Pueblo M\u00e1gico.<br>Los rescatistas tambi\u00e9n retiraron un \u00e1rbol que cay\u00f3 sobre una vivienda en la calle Cuauht\u00e9moc, en la zona centro de Coatepec.<\/p>\n\n\n\n<p>Otro \u00e1rbol se desvaneci\u00f3 y da\u00f1\u00f3 el techo de una casa en la congregaci\u00f3n Las Puentes, misma que colinda con la localidad San Marcos de Le\u00f3n, municipio de Xico.<\/p>\n\n\n\n<p>En la colonia Emiliano Zapata, calle L\u00e1zaro C\u00e1rdenas, un \u00e1rbol cay\u00f3 sobre los cables de una mufa de energ\u00eda el\u00e9ctrica y sobre el cableado de telefon\u00eda, situaci\u00f3n que ocasion\u00f3 intermitencia en los servicios.<\/p>\n\n\n\n<p>Hasta las 16:55 horas de este domingo, las fuerzas de tarea no reportaron personas lesionadas, solo da\u00f1os materiales.<\/p>\n\n\n\n<figure class=\"wp-block-image size-large\"><img loading=\"lazy\" decoding=\"async\" width=\"1024\" height=\"766\" src=\"https:\/\/encuentroinformativo.com.mx\/wp-content\/uploads\/2022\/01\/9C4F60D7-5763-4B17-A2C6-DA0578DB2E14-1024x766.jpeg\" alt=\"\" class=\"wp-image-21847\" srcset=\"https:\/\/encuentroinformativo.com.mx\/wp-content\/uploads\/2022\/01\/9C4F60D7-5763-4B17-A2C6-DA0578DB2E14-1024x766.jpeg 1024w, https:\/\/encuentroinformativo.com.mx\/wp-content\/uploads\/2022\/01\/9C4F60D7-5763-4B17-A2C6-DA0578DB2E14-300x225.jpeg 300w, https:\/\/encuentroinformativo.com.mx\/wp-content\/uploads\/2022\/01\/9C4F60D7-5763-4B17-A2C6-DA0578DB2E14-768x575.jpeg 768w, https:\/\/encuentroinformativo.com.mx\/wp-content\/uploads\/2022\/01\/9C4F60D7-5763-4B17-A2C6-DA0578DB2E14.jpeg 1280w\" sizes=\"auto, (max-width: 1024px) 100vw, 1024px\" \/><\/figure>\n\n\n\n<figure class=\"wp-block-image size-large\"><img loading=\"lazy\" decoding=\"async\" width=\"1024\" height=\"768\" src=\"https:\/\/encuentroinformativo.com.mx\/wp-content\/uploads\/2022\/01\/BBB16867-EE25-493A-9442-16E9BFDC05C0-1024x768.jpeg\" alt=\"\" class=\"wp-image-21848\" srcset=\"https:\/\/encuentroinformativo.com.mx\/wp-content\/uploads\/2022\/01\/BBB16867-EE25-493A-9442-16E9BFDC05C0-1024x768.jpeg 1024w, https:\/\/encuentroinformativo.com.mx\/wp-content\/uploads\/2022\/01\/BBB16867-EE25-493A-9442-16E9BFDC05C0-300x225.jpeg 300w, https:\/\/encuentroinformativo.com.mx\/wp-content\/uploads\/2022\/01\/BBB16867-EE25-493A-9442-16E9BFDC05C0-768x576.jpeg 768w, https:\/\/encuentroinformativo.com.mx\/wp-content\/uploads\/2022\/01\/BBB16867-EE25-493A-9442-16E9BFDC05C0.jpeg 1280w\" sizes=\"auto, (max-width: 1024px) 100vw, 1024px\" \/><\/figure>\n","protected":false},"excerpt":{"rendered":"<p>Juan Arcos Xalapa, Ver.- Las fuertes rachas de viento registradas en la regi\u00f3n capital por el paso del Frente Fr\u00edo n\u00famero 19 ocasionaron la ca\u00edda de \u00e1rboles y da\u00f1os menores en viviendas en los municipios de Xalapa y Coatepec. Hubo reportes ciudadanos en los departamentos de Protecci\u00f3n Civil municipal y estatal, as\u00ed como tambi\u00e9n a [&hellip;]<\/p>\n","protected":false},"author":1,"featured_media":21846,"comment_status":"open","ping_status":"open","sticky":false,"template":"","format":"standard","meta":{"_jetpack_memberships_contains_paid_content":false,"footnotes":""},"categories":[3],"tags":[],"class_list":["post-21845","post","type-post","status-publish","format-standard","has-post-thumbnail","hentry","category-xalapa"],"jetpack_featured_media_url":"https:\/\/encuentroinformativo.com.mx\/wp-content\/uploads\/2022\/01\/B9243909-DE9D-4766-92F0-5298F3CB4058.jpeg","jetpack_sharing_enabled":true,"jetpack_likes_enabled":true,"amp_enabled":true,"_links":{"self":[{"href":"https:\/\/encuentroinformativo.com.mx\/index.php?rest_route=\/wp\/v2\/posts\/21845","targetHints":{"allow":["GET"]}}],"collection":[{"href":"https:\/\/encuentroinformativo.com.mx\/index.php?rest_route=\/wp\/v2\/posts"}],"about":[{"href":"https:\/\/encuentroinformativo.com.mx\/index.php?rest_route=\/wp\/v2\/types\/post"}],"author":[{"embeddable":true,"href":"https:\/\/encuentroinformativo.com.mx\/index.php?rest_route=\/wp\/v2\/users\/1"}],"replies":[{"embeddable":true,"href":"https:\/\/encuentroinformativo.com.mx\/index.php?rest_route=%2Fwp%2Fv2%2Fcomments&post=21845"}],"version-history":[{"count":1,"href":"https:\/\/encuentroinformativo.com.mx\/index.php?rest_route=\/wp\/v2\/posts\/21845\/revisions"}],"predecessor-version":[{"id":21849,"href":"https:\/\/encuentroinformativo.com.mx\/index.php?rest_route=\/wp\/v2\/posts\/21845\/revisions\/21849"}],"wp:featuredmedia":[{"embeddable":true,"href":"https:\/\/encuentroinformativo.com.mx\/index.php?rest_route=\/wp\/v2\/media\/21846"}],"wp:attachment":[{"href":"https:\/\/encuentroinformativo.com.mx\/index.php?rest_route=%2Fwp%2Fv2%2Fmedia&parent=21845"}],"wp:term":[{"taxonomy":"category","embeddable":true,"href":"https:\/\/encuentroinformativo.com.mx\/index.php?rest_route=%2Fwp%2Fv2%2Fcategories&post=21845"},{"taxonomy":"post_tag","embeddable":true,"href":"https:\/\/encuentroinformativo.com.mx\/index.php?rest_route=%2Fwp%2Fv2%2Ftags&post=21845"}],"curies":[{"name":"wp","href":"https:\/\/api.w.org\/{rel}","templated":true}]}}